{"id":87997,"date":"2023-11-14T13:14:25","date_gmt":"2023-11-14T12:14:25","guid":{"rendered":"https:\/\/www.czechspaceweek.com\/brno-space-cluster\/"},"modified":"2023-11-14T13:14:25","modified_gmt":"2023-11-14T12:14:25","slug":"brno-space-cluster","status":"publish","type":"post","link":"https:\/\/www.czechspaceweek.com\/en\/brno-space-cluster\/","title":{"rendered":"Brno Space Cluster"},"content":{"rendered":"<p>Brno has great space potential, which it should make the best use of. This is the idea behind the creation of the Brno Space Cluster. This local cluster, composed of companies and academia, was founded in 2021 by nine entities active in the space sector. The success of this venture was not long in coming. During the first year alone, the cluster expanded by another ten members and currently has over twenty-two members and is growing steadily. It is currently the largest space association in the Czech Republic.<\/p>\n<p>The vision of the cluster is to connect companies working on space projects and to create their own commercial and scientific products. In addition, the cluster also aims to educate and popularise space activities. The creation of the cluster was not only successful on the part of companies, but also supported by the Brno Regional Chamber of Commerce, which believes that this initiative has a high added value.<\/p>\n<p>As the main objectives of the Brno Space Cluster include business and education, a new Master&#8217;s programme with a focus on systems engineering has been established at Brno University of Technology. Classes are taught in English and the program is open to 30 students from around the world each year. Students have the opportunity to gain practical experience through this programme. Czech companies that are part of the cluster offer them internships.<\/p>\n","protected":false},"excerpt":{"rendered":"<p>Brno has great space potential, which it should make the best use of. This is the idea behind the creation of the Brno Space Cluster. This local cluster, composed of companies and academia, was founded in 2021 by nine entities active in the space sector. The success of this venture was not long in coming.&hellip;<\/p>\n","protected":false},"author":8,"featured_media":87911,"comment_status":"closed","ping_status":"closed","sticky":false,"template":"","format":"standard","meta":{"footnotes":""},"categories":[276],"tags":[],"class_list":["post-87997","post","type-post","status-publish","format-standard","has-post-thumbnail","hentry","category-czech-space-week-en","category-276","description-off"],"yoast_head":"<!-- This site is optimized with the Yoast SEO plugin v27.4 - https:\/\/yoast.com\/product\/yoast-seo-wordpress\/ -->\n<title>Brno Space Cluster - Czech Space Week<\/title>\n<meta name=\"robots\" content=\"index, follow, max-snippet:-1, max-image-preview:large, max-video-preview:-1\" \/>\n<link rel=\"canonical\" href=\"https:\/\/www.czechspaceweek.com\/brno-space-cluster\/\" \/>\n<meta property=\"og:locale\" content=\"en_US\" \/>\n<meta property=\"og:type\" content=\"article\" \/>\n<meta property=\"og:title\" content=\"Brno Space Cluster - Czech Space Week\" \/>\n<meta property=\"og:description\" content=\"Brno has great space potential, which it should make the best use of. This is the idea behind the creation of the Brno Space Cluster. This local cluster, composed of companies and academia, was founded in 2021 by nine entities active in the space sector. The success of this venture was not long in coming.&hellip;\" \/>\n<meta property=\"og:url\" content=\"https:\/\/www.czechspaceweek.com\/brno-space-cluster\/\" \/>\n<meta property=\"og:site_name\" content=\"Czech Space Week\" \/>\n<meta property=\"article:published_time\" content=\"2023-11-14T12:14:25+00:00\" \/>\n<meta name=\"author\" content=\"michaela.honova@czechinvest.org\" \/>\n<meta name=\"twitter:card\" content=\"summary_large_image\" \/>\n<meta name=\"twitter:label1\" content=\"Written by\" \/>\n\t<meta name=\"twitter:data1\" content=\"michaela.honova@czechinvest.org\" \/>\n\t<meta name=\"twitter:label2\" content=\"Est. reading time\" \/>\n\t<meta name=\"twitter:data2\" content=\"1 minute\" \/>\n<script type=\"application\/ld+json\" class=\"yoast-schema-graph\">{\"@context\":\"https:\\\/\\\/schema.org\",\"@graph\":[{\"@type\":\"Article\",\"@id\":\"https:\\\/\\\/www.czechspaceweek.com\\\/brno-space-cluster\\\/#article\",\"isPartOf\":{\"@id\":\"https:\\\/\\\/www.czechspaceweek.com\\\/brno-space-cluster\\\/\"},\"author\":{\"name\":\"michaela.honova@czechinvest.org\",\"@id\":\"https:\\\/\\\/www.czechspaceweek.com\\\/#\\\/schema\\\/person\\\/1d0923c22d4fad647ef94349f630b609\"},\"headline\":\"Brno Space Cluster\",\"datePublished\":\"2023-11-14T12:14:25+00:00\",\"mainEntityOfPage\":{\"@id\":\"https:\\\/\\\/www.czechspaceweek.com\\\/brno-space-cluster\\\/\"},\"wordCount\":230,\"publisher\":{\"@id\":\"https:\\\/\\\/www.czechspaceweek.com\\\/#organization\"},\"image\":{\"@id\":\"https:\\\/\\\/www.czechspaceweek.com\\\/brno-space-cluster\\\/#primaryimage\"},\"thumbnailUrl\":\"https:\\\/\\\/www.czechspaceweek.com\\\/wp-content\\\/uploads\\\/2023\\\/11\\\/home-8-rev-img-1-1-1024x587-1.jpg\",\"articleSection\":[\"Czech Space Week\"],\"inLanguage\":\"en-US\"},{\"@type\":\"WebPage\",\"@id\":\"https:\\\/\\\/www.czechspaceweek.com\\\/brno-space-cluster\\\/\",\"url\":\"https:\\\/\\\/www.czechspaceweek.com\\\/brno-space-cluster\\\/\",\"name\":\"Brno Space Cluster - Czech Space Week\",\"isPartOf\":{\"@id\":\"https:\\\/\\\/www.czechspaceweek.com\\\/#website\"},\"primaryImageOfPage\":{\"@id\":\"https:\\\/\\\/www.czechspaceweek.com\\\/brno-space-cluster\\\/#primaryimage\"},\"image\":{\"@id\":\"https:\\\/\\\/www.czechspaceweek.com\\\/brno-space-cluster\\\/#primaryimage\"},\"thumbnailUrl\":\"https:\\\/\\\/www.czechspaceweek.com\\\/wp-content\\\/uploads\\\/2023\\\/11\\\/home-8-rev-img-1-1-1024x587-1.jpg\",\"datePublished\":\"2023-11-14T12:14:25+00:00\",\"breadcrumb\":{\"@id\":\"https:\\\/\\\/www.czechspaceweek.com\\\/brno-space-cluster\\\/#breadcrumb\"},\"inLanguage\":\"en-US\",\"potentialAction\":[{\"@type\":\"ReadAction\",\"target\":[\"https:\\\/\\\/www.czechspaceweek.com\\\/brno-space-cluster\\\/\"]}]},{\"@type\":\"ImageObject\",\"inLanguage\":\"en-US\",\"@id\":\"https:\\\/\\\/www.czechspaceweek.com\\\/brno-space-cluster\\\/#primaryimage\",\"url\":\"https:\\\/\\\/www.czechspaceweek.com\\\/wp-content\\\/uploads\\\/2023\\\/11\\\/home-8-rev-img-1-1-1024x587-1.jpg\",\"contentUrl\":\"https:\\\/\\\/www.czechspaceweek.com\\\/wp-content\\\/uploads\\\/2023\\\/11\\\/home-8-rev-img-1-1-1024x587-1.jpg\",\"width\":1024,\"height\":587},{\"@type\":\"BreadcrumbList\",\"@id\":\"https:\\\/\\\/www.czechspaceweek.com\\\/brno-space-cluster\\\/#breadcrumb\",\"itemListElement\":[{\"@type\":\"ListItem\",\"position\":1,\"name\":\"Dom\u016f\",\"item\":\"https:\\\/\\\/www.czechspaceweek.com\\\/en\\\/\"},{\"@type\":\"ListItem\",\"position\":2,\"name\":\"Brno Space Cluster\"}]},{\"@type\":\"WebSite\",\"@id\":\"https:\\\/\\\/www.czechspaceweek.com\\\/#website\",\"url\":\"https:\\\/\\\/www.czechspaceweek.com\\\/\",\"name\":\"Czech Space Week\",\"description\":\"Czech Space Week p\u0159ipravuje Agentura CzechInvest a Ministerstvo dopravy \u010cR. Jedn\u00e1 se o nejv\u011bt\u0161\u00ed akci zam\u011b\u0159enou na kosmick\u00e9 aktivity v \u010cesku.\",\"publisher\":{\"@id\":\"https:\\\/\\\/www.czechspaceweek.com\\\/#organization\"},\"potentialAction\":[{\"@type\":\"SearchAction\",\"target\":{\"@type\":\"EntryPoint\",\"urlTemplate\":\"https:\\\/\\\/www.czechspaceweek.com\\\/?s={search_term_string}\"},\"query-input\":{\"@type\":\"PropertyValueSpecification\",\"valueRequired\":true,\"valueName\":\"search_term_string\"}}],\"inLanguage\":\"en-US\"},{\"@type\":\"Organization\",\"@id\":\"https:\\\/\\\/www.czechspaceweek.com\\\/#organization\",\"name\":\"Czech Space Week\",\"url\":\"https:\\\/\\\/www.czechspaceweek.com\\\/\",\"logo\":{\"@type\":\"ImageObject\",\"inLanguage\":\"en-US\",\"@id\":\"https:\\\/\\\/www.czechspaceweek.com\\\/#\\\/schema\\\/logo\\\/image\\\/\",\"url\":\"https:\\\/\\\/www.czechspaceweek.com\\\/wp-content\\\/uploads\\\/2024\\\/05\\\/CzechSpaceWeek-logo-548px.png\",\"contentUrl\":\"https:\\\/\\\/www.czechspaceweek.com\\\/wp-content\\\/uploads\\\/2024\\\/05\\\/CzechSpaceWeek-logo-548px.png\",\"width\":548,\"height\":548,\"caption\":\"Czech Space Week\"},\"image\":{\"@id\":\"https:\\\/\\\/www.czechspaceweek.com\\\/#\\\/schema\\\/logo\\\/image\\\/\"}},{\"@type\":\"Person\",\"@id\":\"https:\\\/\\\/www.czechspaceweek.com\\\/#\\\/schema\\\/person\\\/1d0923c22d4fad647ef94349f630b609\",\"name\":\"michaela.honova@czechinvest.org\",\"url\":\"https:\\\/\\\/www.czechspaceweek.com\\\/en\\\/author\\\/michaela-honovaczechinvest-org\\\/\"}]}<\/script>\n<!-- \/ Yoast SEO plugin. -->","yoast_head_json":{"title":"Brno Space Cluster - Czech Space Week","robots":{"index":"index","follow":"follow","max-snippet":"max-snippet:-1","max-image-preview":"max-image-preview:large","max-video-preview":"max-video-preview:-1"},"canonical":"https:\/\/www.czechspaceweek.com\/brno-space-cluster\/","og_locale":"en_US","og_type":"article","og_title":"Brno Space Cluster - Czech Space Week","og_description":"Brno has great space potential, which it should make the best use of. This is the idea behind the creation of the Brno Space Cluster. This local cluster, composed of companies and academia, was founded in 2021 by nine entities active in the space sector. The success of this venture was not long in coming.&hellip;","og_url":"https:\/\/www.czechspaceweek.com\/brno-space-cluster\/","og_site_name":"Czech Space Week","article_published_time":"2023-11-14T12:14:25+00:00","author":"michaela.honova@czechinvest.org","twitter_card":"summary_large_image","twitter_misc":{"Written by":"michaela.honova@czechinvest.org","Est. reading time":"1 minute"},"schema":{"@context":"https:\/\/schema.org","@graph":[{"@type":"Article","@id":"https:\/\/www.czechspaceweek.com\/brno-space-cluster\/#article","isPartOf":{"@id":"https:\/\/www.czechspaceweek.com\/brno-space-cluster\/"},"author":{"name":"michaela.honova@czechinvest.org","@id":"https:\/\/www.czechspaceweek.com\/#\/schema\/person\/1d0923c22d4fad647ef94349f630b609"},"headline":"Brno Space Cluster","datePublished":"2023-11-14T12:14:25+00:00","mainEntityOfPage":{"@id":"https:\/\/www.czechspaceweek.com\/brno-space-cluster\/"},"wordCount":230,"publisher":{"@id":"https:\/\/www.czechspaceweek.com\/#organization"},"image":{"@id":"https:\/\/www.czechspaceweek.com\/brno-space-cluster\/#primaryimage"},"thumbnailUrl":"https:\/\/www.czechspaceweek.com\/wp-content\/uploads\/2023\/11\/home-8-rev-img-1-1-1024x587-1.jpg","articleSection":["Czech Space Week"],"inLanguage":"en-US"},{"@type":"WebPage","@id":"https:\/\/www.czechspaceweek.com\/brno-space-cluster\/","url":"https:\/\/www.czechspaceweek.com\/brno-space-cluster\/","name":"Brno Space Cluster - Czech Space Week","isPartOf":{"@id":"https:\/\/www.czechspaceweek.com\/#website"},"primaryImageOfPage":{"@id":"https:\/\/www.czechspaceweek.com\/brno-space-cluster\/#primaryimage"},"image":{"@id":"https:\/\/www.czechspaceweek.com\/brno-space-cluster\/#primaryimage"},"thumbnailUrl":"https:\/\/www.czechspaceweek.com\/wp-content\/uploads\/2023\/11\/home-8-rev-img-1-1-1024x587-1.jpg","datePublished":"2023-11-14T12:14:25+00:00","breadcrumb":{"@id":"https:\/\/www.czechspaceweek.com\/brno-space-cluster\/#breadcrumb"},"inLanguage":"en-US","potentialAction":[{"@type":"ReadAction","target":["https:\/\/www.czechspaceweek.com\/brno-space-cluster\/"]}]},{"@type":"ImageObject","inLanguage":"en-US","@id":"https:\/\/www.czechspaceweek.com\/brno-space-cluster\/#primaryimage","url":"https:\/\/www.czechspaceweek.com\/wp-content\/uploads\/2023\/11\/home-8-rev-img-1-1-1024x587-1.jpg","contentUrl":"https:\/\/www.czechspaceweek.com\/wp-content\/uploads\/2023\/11\/home-8-rev-img-1-1-1024x587-1.jpg","width":1024,"height":587},{"@type":"BreadcrumbList","@id":"https:\/\/www.czechspaceweek.com\/brno-space-cluster\/#breadcrumb","itemListElement":[{"@type":"ListItem","position":1,"name":"Dom\u016f","item":"https:\/\/www.czechspaceweek.com\/en\/"},{"@type":"ListItem","position":2,"name":"Brno Space Cluster"}]},{"@type":"WebSite","@id":"https:\/\/www.czechspaceweek.com\/#website","url":"https:\/\/www.czechspaceweek.com\/","name":"Czech Space Week","description":"Czech Space Week p\u0159ipravuje Agentura CzechInvest a Ministerstvo dopravy \u010cR. Jedn\u00e1 se o nejv\u011bt\u0161\u00ed akci zam\u011b\u0159enou na kosmick\u00e9 aktivity v \u010cesku.","publisher":{"@id":"https:\/\/www.czechspaceweek.com\/#organization"},"potentialAction":[{"@type":"SearchAction","target":{"@type":"EntryPoint","urlTemplate":"https:\/\/www.czechspaceweek.com\/?s={search_term_string}"},"query-input":{"@type":"PropertyValueSpecification","valueRequired":true,"valueName":"search_term_string"}}],"inLanguage":"en-US"},{"@type":"Organization","@id":"https:\/\/www.czechspaceweek.com\/#organization","name":"Czech Space Week","url":"https:\/\/www.czechspaceweek.com\/","logo":{"@type":"ImageObject","inLanguage":"en-US","@id":"https:\/\/www.czechspaceweek.com\/#\/schema\/logo\/image\/","url":"https:\/\/www.czechspaceweek.com\/wp-content\/uploads\/2024\/05\/CzechSpaceWeek-logo-548px.png","contentUrl":"https:\/\/www.czechspaceweek.com\/wp-content\/uploads\/2024\/05\/CzechSpaceWeek-logo-548px.png","width":548,"height":548,"caption":"Czech Space Week"},"image":{"@id":"https:\/\/www.czechspaceweek.com\/#\/schema\/logo\/image\/"}},{"@type":"Person","@id":"https:\/\/www.czechspaceweek.com\/#\/schema\/person\/1d0923c22d4fad647ef94349f630b609","name":"michaela.honova@czechinvest.org","url":"https:\/\/www.czechspaceweek.com\/en\/author\/michaela-honovaczechinvest-org\/"}]}},"_links":{"self":[{"href":"https:\/\/www.czechspaceweek.com\/en\/wp-json\/wp\/v2\/posts\/87997","targetHints":{"allow":["GET"]}}],"collection":[{"href":"https:\/\/www.czechspaceweek.com\/en\/wp-json\/wp\/v2\/posts"}],"about":[{"href":"https:\/\/www.czechspaceweek.com\/en\/wp-json\/wp\/v2\/types\/post"}],"author":[{"embeddable":true,"href":"https:\/\/www.czechspaceweek.com\/en\/wp-json\/wp\/v2\/users\/8"}],"replies":[{"embeddable":true,"href":"https:\/\/www.czechspaceweek.com\/en\/wp-json\/wp\/v2\/comments?post=87997"}],"version-history":[{"count":0,"href":"https:\/\/www.czechspaceweek.com\/en\/wp-json\/wp\/v2\/posts\/87997\/revisions"}],"wp:featuredmedia":[{"embeddable":true,"href":"https:\/\/www.czechspaceweek.com\/en\/wp-json\/wp\/v2\/media\/87911"}],"wp:attachment":[{"href":"https:\/\/www.czechspaceweek.com\/en\/wp-json\/wp\/v2\/media?parent=87997"}],"wp:term":[{"taxonomy":"category","embeddable":true,"href":"https:\/\/www.czechspaceweek.com\/en\/wp-json\/wp\/v2\/categories?post=87997"},{"taxonomy":"post_tag","embeddable":true,"href":"https:\/\/www.czechspaceweek.com\/en\/wp-json\/wp\/v2\/tags?post=87997"}],"curies":[{"name":"wp","href":"https:\/\/api.w.org\/{rel}","templated":true}]}}