{"id":87996,"date":"2023-11-14T13:11:41","date_gmt":"2023-11-14T12:11:41","guid":{"rendered":"https:\/\/www.czechspaceweek.com\/advacam\/"},"modified":"2023-11-14T13:11:41","modified_gmt":"2023-11-14T12:11:41","slug":"advacam","status":"publish","type":"post","link":"https:\/\/www.czechspaceweek.com\/en\/advacam\/","title":{"rendered":"Advacam"},"content":{"rendered":"<p>A Czech company that will soon leave a footprint on the Moon and has repeatedly collaborated on US NASA missions? ADVACAM, a Prague-based company that was founded in 2013 as a spin-off of the Institute of Technical and Experimental Physics at the Czech Technical University. The company is developing technology originally developed for the detection of subatomic particles inside the Large Hadron Collider at CERN. In Prague&#8217;s Hole\u0161ovice, it designs and manufactures innovative cameras that provide precise information about every single incoming particle.<br \/>\n They determine its type, energy and direction. ADVACAM&#8217;s patented detectors are among the most advanced imaging technology in the world.<\/p>\n<p>If we were to highlight one of ADVACAM&#8217;s space achievements, it would undoubtedly be the fact that 14 of its miniaturized radiation cameras are currently in service aboard the International Space Station (ISS). Deployed in several modules, they monitor so-called space weather. This contributes greatly to the safety of the crew and also to the protection of critical electronics. NASA is counting on these unique cameras in its planned Artemis programme to return Americans to the Moon.<br \/>\n For example, several Czech chips were installed on board the Orion spacecraft, which in 2022 orbited the Moon as part of an unmanned test mission. Next year, ADVACAM detectors should be the first Czech instrument to land on the Moon as part of the NOVA-C lunar lander.<\/p>\n<p>In very recent news, ADVACAM has come up with a completely new way to use its detectors in space. It plans to not only monitor space weather but even predict it, making it unique worldwide. MiniPIX SPACE miniaturized cameras weighing only a few dozen grams will provide early warning of increased solar activity, which affects astronauts&#8217; health and also affects the functioning of sensitive electronics on satellites and spacecraft.<\/p>\n","protected":false},"excerpt":{"rendered":"<p>A Czech company that will soon leave a footprint on the Moon and has repeatedly collaborated on US NASA missions? ADVACAM, a Prague-based company that was founded in 2013 as a spin-off of the Institute of Technical and Experimental Physics at the Czech Technical University. The company is developing technology originally developed for the detection&hellip;<\/p>\n","protected":false},"author":8,"featured_media":87907,"comment_status":"closed","ping_status":"closed","sticky":false,"template":"","format":"standard","meta":{"footnotes":""},"categories":[276],"tags":[],"class_list":["post-87996","post","type-post","status-publish","format-standard","has-post-thumbnail","hentry","category-czech-space-week-en","category-276","description-off"],"yoast_head":"<!-- This site is optimized with the Yoast SEO plugin v27.4 - https:\/\/yoast.com\/product\/yoast-seo-wordpress\/ -->\n<title>Advacam - Czech Space Week<\/title>\n<meta name=\"robots\" content=\"index, follow, max-snippet:-1, max-image-preview:large, max-video-preview:-1\" \/>\n<link rel=\"canonical\" href=\"https:\/\/www.czechspaceweek.com\/advacam\/\" \/>\n<meta property=\"og:locale\" content=\"en_US\" \/>\n<meta property=\"og:type\" content=\"article\" \/>\n<meta property=\"og:title\" content=\"Advacam - Czech Space Week\" \/>\n<meta property=\"og:description\" content=\"A Czech company that will soon leave a footprint on the Moon and has repeatedly collaborated on US NASA missions? ADVACAM, a Prague-based company that was founded in 2013 as a spin-off of the Institute of Technical and Experimental Physics at the Czech Technical University. The company is developing technology originally developed for the detection&hellip;\" \/>\n<meta property=\"og:url\" content=\"https:\/\/www.czechspaceweek.com\/advacam\/\" \/>\n<meta property=\"og:site_name\" content=\"Czech Space Week\" \/>\n<meta property=\"article:published_time\" content=\"2023-11-14T12:11:41+00:00\" \/>\n<meta name=\"author\" content=\"michaela.honova@czechinvest.org\" \/>\n<meta name=\"twitter:card\" content=\"summary_large_image\" \/>\n<meta name=\"twitter:label1\" content=\"Written by\" \/>\n\t<meta name=\"twitter:data1\" content=\"michaela.honova@czechinvest.org\" \/>\n\t<meta name=\"twitter:label2\" content=\"Est. reading time\" \/>\n\t<meta name=\"twitter:data2\" content=\"1 minute\" \/>\n<script type=\"application\/ld+json\" class=\"yoast-schema-graph\">{\"@context\":\"https:\\\/\\\/schema.org\",\"@graph\":[{\"@type\":\"Article\",\"@id\":\"https:\\\/\\\/www.czechspaceweek.com\\\/advacam\\\/#article\",\"isPartOf\":{\"@id\":\"https:\\\/\\\/www.czechspaceweek.com\\\/advacam\\\/\"},\"author\":{\"name\":\"michaela.honova@czechinvest.org\",\"@id\":\"https:\\\/\\\/www.czechspaceweek.com\\\/#\\\/schema\\\/person\\\/1d0923c22d4fad647ef94349f630b609\"},\"headline\":\"Advacam\",\"datePublished\":\"2023-11-14T12:11:41+00:00\",\"mainEntityOfPage\":{\"@id\":\"https:\\\/\\\/www.czechspaceweek.com\\\/advacam\\\/\"},\"wordCount\":298,\"publisher\":{\"@id\":\"https:\\\/\\\/www.czechspaceweek.com\\\/#organization\"},\"image\":{\"@id\":\"https:\\\/\\\/www.czechspaceweek.com\\\/advacam\\\/#primaryimage\"},\"thumbnailUrl\":\"https:\\\/\\\/www.czechspaceweek.com\\\/wp-content\\\/uploads\\\/2023\\\/11\\\/ADVACAM_MiniPIX_TPX3_hands-1.jpg\",\"articleSection\":[\"Czech Space Week\"],\"inLanguage\":\"en-US\"},{\"@type\":\"WebPage\",\"@id\":\"https:\\\/\\\/www.czechspaceweek.com\\\/advacam\\\/\",\"url\":\"https:\\\/\\\/www.czechspaceweek.com\\\/advacam\\\/\",\"name\":\"Advacam - Czech Space Week\",\"isPartOf\":{\"@id\":\"https:\\\/\\\/www.czechspaceweek.com\\\/#website\"},\"primaryImageOfPage\":{\"@id\":\"https:\\\/\\\/www.czechspaceweek.com\\\/advacam\\\/#primaryimage\"},\"image\":{\"@id\":\"https:\\\/\\\/www.czechspaceweek.com\\\/advacam\\\/#primaryimage\"},\"thumbnailUrl\":\"https:\\\/\\\/www.czechspaceweek.com\\\/wp-content\\\/uploads\\\/2023\\\/11\\\/ADVACAM_MiniPIX_TPX3_hands-1.jpg\",\"datePublished\":\"2023-11-14T12:11:41+00:00\",\"breadcrumb\":{\"@id\":\"https:\\\/\\\/www.czechspaceweek.com\\\/advacam\\\/#breadcrumb\"},\"inLanguage\":\"en-US\",\"potentialAction\":[{\"@type\":\"ReadAction\",\"target\":[\"https:\\\/\\\/www.czechspaceweek.com\\\/advacam\\\/\"]}]},{\"@type\":\"ImageObject\",\"inLanguage\":\"en-US\",\"@id\":\"https:\\\/\\\/www.czechspaceweek.com\\\/advacam\\\/#primaryimage\",\"url\":\"https:\\\/\\\/www.czechspaceweek.com\\\/wp-content\\\/uploads\\\/2023\\\/11\\\/ADVACAM_MiniPIX_TPX3_hands-1.jpg\",\"contentUrl\":\"https:\\\/\\\/www.czechspaceweek.com\\\/wp-content\\\/uploads\\\/2023\\\/11\\\/ADVACAM_MiniPIX_TPX3_hands-1.jpg\",\"width\":581,\"height\":583},{\"@type\":\"BreadcrumbList\",\"@id\":\"https:\\\/\\\/www.czechspaceweek.com\\\/advacam\\\/#breadcrumb\",\"itemListElement\":[{\"@type\":\"ListItem\",\"position\":1,\"name\":\"Dom\u016f\",\"item\":\"https:\\\/\\\/www.czechspaceweek.com\\\/en\\\/\"},{\"@type\":\"ListItem\",\"position\":2,\"name\":\"Advacam\"}]},{\"@type\":\"WebSite\",\"@id\":\"https:\\\/\\\/www.czechspaceweek.com\\\/#website\",\"url\":\"https:\\\/\\\/www.czechspaceweek.com\\\/\",\"name\":\"Czech Space Week\",\"description\":\"Czech Space Week p\u0159ipravuje Agentura CzechInvest a Ministerstvo dopravy \u010cR. Jedn\u00e1 se o nejv\u011bt\u0161\u00ed akci zam\u011b\u0159enou na kosmick\u00e9 aktivity v \u010cesku.\",\"publisher\":{\"@id\":\"https:\\\/\\\/www.czechspaceweek.com\\\/#organization\"},\"potentialAction\":[{\"@type\":\"SearchAction\",\"target\":{\"@type\":\"EntryPoint\",\"urlTemplate\":\"https:\\\/\\\/www.czechspaceweek.com\\\/?s={search_term_string}\"},\"query-input\":{\"@type\":\"PropertyValueSpecification\",\"valueRequired\":true,\"valueName\":\"search_term_string\"}}],\"inLanguage\":\"en-US\"},{\"@type\":\"Organization\",\"@id\":\"https:\\\/\\\/www.czechspaceweek.com\\\/#organization\",\"name\":\"Czech Space Week\",\"url\":\"https:\\\/\\\/www.czechspaceweek.com\\\/\",\"logo\":{\"@type\":\"ImageObject\",\"inLanguage\":\"en-US\",\"@id\":\"https:\\\/\\\/www.czechspaceweek.com\\\/#\\\/schema\\\/logo\\\/image\\\/\",\"url\":\"https:\\\/\\\/www.czechspaceweek.com\\\/wp-content\\\/uploads\\\/2024\\\/05\\\/CzechSpaceWeek-logo-548px.png\",\"contentUrl\":\"https:\\\/\\\/www.czechspaceweek.com\\\/wp-content\\\/uploads\\\/2024\\\/05\\\/CzechSpaceWeek-logo-548px.png\",\"width\":548,\"height\":548,\"caption\":\"Czech Space Week\"},\"image\":{\"@id\":\"https:\\\/\\\/www.czechspaceweek.com\\\/#\\\/schema\\\/logo\\\/image\\\/\"}},{\"@type\":\"Person\",\"@id\":\"https:\\\/\\\/www.czechspaceweek.com\\\/#\\\/schema\\\/person\\\/1d0923c22d4fad647ef94349f630b609\",\"name\":\"michaela.honova@czechinvest.org\",\"url\":\"https:\\\/\\\/www.czechspaceweek.com\\\/en\\\/author\\\/michaela-honovaczechinvest-org\\\/\"}]}<\/script>\n<!-- \/ Yoast SEO plugin. -->","yoast_head_json":{"title":"Advacam - Czech Space Week","robots":{"index":"index","follow":"follow","max-snippet":"max-snippet:-1","max-image-preview":"max-image-preview:large","max-video-preview":"max-video-preview:-1"},"canonical":"https:\/\/www.czechspaceweek.com\/advacam\/","og_locale":"en_US","og_type":"article","og_title":"Advacam - Czech Space Week","og_description":"A Czech company that will soon leave a footprint on the Moon and has repeatedly collaborated on US NASA missions? ADVACAM, a Prague-based company that was founded in 2013 as a spin-off of the Institute of Technical and Experimental Physics at the Czech Technical University. The company is developing technology originally developed for the detection&hellip;","og_url":"https:\/\/www.czechspaceweek.com\/advacam\/","og_site_name":"Czech Space Week","article_published_time":"2023-11-14T12:11:41+00:00","author":"michaela.honova@czechinvest.org","twitter_card":"summary_large_image","twitter_misc":{"Written by":"michaela.honova@czechinvest.org","Est. reading time":"1 minute"},"schema":{"@context":"https:\/\/schema.org","@graph":[{"@type":"Article","@id":"https:\/\/www.czechspaceweek.com\/advacam\/#article","isPartOf":{"@id":"https:\/\/www.czechspaceweek.com\/advacam\/"},"author":{"name":"michaela.honova@czechinvest.org","@id":"https:\/\/www.czechspaceweek.com\/#\/schema\/person\/1d0923c22d4fad647ef94349f630b609"},"headline":"Advacam","datePublished":"2023-11-14T12:11:41+00:00","mainEntityOfPage":{"@id":"https:\/\/www.czechspaceweek.com\/advacam\/"},"wordCount":298,"publisher":{"@id":"https:\/\/www.czechspaceweek.com\/#organization"},"image":{"@id":"https:\/\/www.czechspaceweek.com\/advacam\/#primaryimage"},"thumbnailUrl":"https:\/\/www.czechspaceweek.com\/wp-content\/uploads\/2023\/11\/ADVACAM_MiniPIX_TPX3_hands-1.jpg","articleSection":["Czech Space Week"],"inLanguage":"en-US"},{"@type":"WebPage","@id":"https:\/\/www.czechspaceweek.com\/advacam\/","url":"https:\/\/www.czechspaceweek.com\/advacam\/","name":"Advacam - Czech Space Week","isPartOf":{"@id":"https:\/\/www.czechspaceweek.com\/#website"},"primaryImageOfPage":{"@id":"https:\/\/www.czechspaceweek.com\/advacam\/#primaryimage"},"image":{"@id":"https:\/\/www.czechspaceweek.com\/advacam\/#primaryimage"},"thumbnailUrl":"https:\/\/www.czechspaceweek.com\/wp-content\/uploads\/2023\/11\/ADVACAM_MiniPIX_TPX3_hands-1.jpg","datePublished":"2023-11-14T12:11:41+00:00","breadcrumb":{"@id":"https:\/\/www.czechspaceweek.com\/advacam\/#breadcrumb"},"inLanguage":"en-US","potentialAction":[{"@type":"ReadAction","target":["https:\/\/www.czechspaceweek.com\/advacam\/"]}]},{"@type":"ImageObject","inLanguage":"en-US","@id":"https:\/\/www.czechspaceweek.com\/advacam\/#primaryimage","url":"https:\/\/www.czechspaceweek.com\/wp-content\/uploads\/2023\/11\/ADVACAM_MiniPIX_TPX3_hands-1.jpg","contentUrl":"https:\/\/www.czechspaceweek.com\/wp-content\/uploads\/2023\/11\/ADVACAM_MiniPIX_TPX3_hands-1.jpg","width":581,"height":583},{"@type":"BreadcrumbList","@id":"https:\/\/www.czechspaceweek.com\/advacam\/#breadcrumb","itemListElement":[{"@type":"ListItem","position":1,"name":"Dom\u016f","item":"https:\/\/www.czechspaceweek.com\/en\/"},{"@type":"ListItem","position":2,"name":"Advacam"}]},{"@type":"WebSite","@id":"https:\/\/www.czechspaceweek.com\/#website","url":"https:\/\/www.czechspaceweek.com\/","name":"Czech Space Week","description":"Czech Space Week p\u0159ipravuje Agentura CzechInvest a Ministerstvo dopravy \u010cR. Jedn\u00e1 se o nejv\u011bt\u0161\u00ed akci zam\u011b\u0159enou na kosmick\u00e9 aktivity v \u010cesku.","publisher":{"@id":"https:\/\/www.czechspaceweek.com\/#organization"},"potentialAction":[{"@type":"SearchAction","target":{"@type":"EntryPoint","urlTemplate":"https:\/\/www.czechspaceweek.com\/?s={search_term_string}"},"query-input":{"@type":"PropertyValueSpecification","valueRequired":true,"valueName":"search_term_string"}}],"inLanguage":"en-US"},{"@type":"Organization","@id":"https:\/\/www.czechspaceweek.com\/#organization","name":"Czech Space Week","url":"https:\/\/www.czechspaceweek.com\/","logo":{"@type":"ImageObject","inLanguage":"en-US","@id":"https:\/\/www.czechspaceweek.com\/#\/schema\/logo\/image\/","url":"https:\/\/www.czechspaceweek.com\/wp-content\/uploads\/2024\/05\/CzechSpaceWeek-logo-548px.png","contentUrl":"https:\/\/www.czechspaceweek.com\/wp-content\/uploads\/2024\/05\/CzechSpaceWeek-logo-548px.png","width":548,"height":548,"caption":"Czech Space Week"},"image":{"@id":"https:\/\/www.czechspaceweek.com\/#\/schema\/logo\/image\/"}},{"@type":"Person","@id":"https:\/\/www.czechspaceweek.com\/#\/schema\/person\/1d0923c22d4fad647ef94349f630b609","name":"michaela.honova@czechinvest.org","url":"https:\/\/www.czechspaceweek.com\/en\/author\/michaela-honovaczechinvest-org\/"}]}},"_links":{"self":[{"href":"https:\/\/www.czechspaceweek.com\/en\/wp-json\/wp\/v2\/posts\/87996","targetHints":{"allow":["GET"]}}],"collection":[{"href":"https:\/\/www.czechspaceweek.com\/en\/wp-json\/wp\/v2\/posts"}],"about":[{"href":"https:\/\/www.czechspaceweek.com\/en\/wp-json\/wp\/v2\/types\/post"}],"author":[{"embeddable":true,"href":"https:\/\/www.czechspaceweek.com\/en\/wp-json\/wp\/v2\/users\/8"}],"replies":[{"embeddable":true,"href":"https:\/\/www.czechspaceweek.com\/en\/wp-json\/wp\/v2\/comments?post=87996"}],"version-history":[{"count":0,"href":"https:\/\/www.czechspaceweek.com\/en\/wp-json\/wp\/v2\/posts\/87996\/revisions"}],"wp:featuredmedia":[{"embeddable":true,"href":"https:\/\/www.czechspaceweek.com\/en\/wp-json\/wp\/v2\/media\/87907"}],"wp:attachment":[{"href":"https:\/\/www.czechspaceweek.com\/en\/wp-json\/wp\/v2\/media?parent=87996"}],"wp:term":[{"taxonomy":"category","embeddable":true,"href":"https:\/\/www.czechspaceweek.com\/en\/wp-json\/wp\/v2\/categories?post=87996"},{"taxonomy":"post_tag","embeddable":true,"href":"https:\/\/www.czechspaceweek.com\/en\/wp-json\/wp\/v2\/tags?post=87996"}],"curies":[{"name":"wp","href":"https:\/\/api.w.org\/{rel}","templated":true}]}}