{"id":87377,"date":"2022-11-29T14:52:08","date_gmt":"2022-11-29T13:52:08","guid":{"rendered":"http:\/\/www.czechspaceweek.com.uvirt135.active24.cz\/space4women-will-take-place-this-wednesday-at-opero\/"},"modified":"2022-11-29T14:52:08","modified_gmt":"2022-11-29T13:52:08","slug":"space4women-will-take-place-this-wednesday-at-opero","status":"publish","type":"post","link":"https:\/\/www.czechspaceweek.com\/en\/space4women-will-take-place-this-wednesday-at-opero\/","title":{"rendered":"Space4Women will take place this Wednesday at OPERO"},"content":{"rendered":"<p>Just like last year, interesting women working in the space industry will perform on one stage at the Space4Women event. The aim of the event is to present the space sector from the perspective of women working in it. We are trying to break the stereotypes that this is a purely male profession and we want to show girls and girls that space is cool and that the main thing is not to be afraid.<\/p>\n<p>The <strong>Space4Women <\/strong>event will take place on Wednesday  <strong>30. 11. 2022  <\/strong>in <a href=\"https:\/\/opero.cz\/cs\" target=\"_blank\" rel=\"noopener\">OPERO<\/a>. If you are interested, please register <a href=\"https:\/\/forms.office.com\/Pages\/ResponsePage.aspx?id=q8gL-se0sUOvIxgC0ZUHlp3MtJ3arDhDtkki__BsKANUMzlHWjhFVTUxWVlWNzJISjNGSFdCM1U4MSQlQCN0PWcu\" target=\"_blank\" rel=\"noopener noreferrer\" data-auth=\"NotApplicable\" data-linkindex=\"1\" data-safelink=\"true\">here.<\/a> You can find the performers&#8217; introductions on <a href=\"https:\/\/www.facebook.com\/CzechSpacePortal\" target=\"_blank\" rel=\"noopener\">Facebook<\/a> soon.<\/p>\n<p aria-hidden=\"true\">Space4Women will also be live streamed.<\/p>\n","protected":false},"excerpt":{"rendered":"<p>Just like last year, interesting women working in the space industry will perform on one stage at the Space4Women event. The aim of the event is to present the space sector from the perspective of women working in it. We are trying to break the stereotypes that this is a purely male profession and we&hellip;<\/p>\n","protected":false},"author":5,"featured_media":86871,"comment_status":"closed","ping_status":"closed","sticky":false,"template":"","format":"standard","meta":{"footnotes":""},"categories":[44],"tags":[],"class_list":["post-87377","post","type-post","status-publish","format-standard","has-post-thumbnail","hentry","category-czech-space-week","category-44","description-off"],"yoast_head":"<!-- This site is optimized with the Yoast SEO plugin v27.4 - https:\/\/yoast.com\/product\/yoast-seo-wordpress\/ -->\n<title>Space4Women will take place this Wednesday at OPERO - Czech Space Week<\/title>\n<meta name=\"robots\" content=\"index, follow, max-snippet:-1, max-image-preview:large, max-video-preview:-1\" \/>\n<link rel=\"canonical\" href=\"https:\/\/www.czechspaceweek.com\/en\/space4women-will-take-place-this-wednesday-at-opero\/\" \/>\n<meta property=\"og:locale\" content=\"en_US\" \/>\n<meta property=\"og:type\" content=\"article\" \/>\n<meta property=\"og:title\" content=\"Space4Women will take place this Wednesday at OPERO - Czech Space Week\" \/>\n<meta property=\"og:description\" content=\"Just like last year, interesting women working in the space industry will perform on one stage at the Space4Women event. The aim of the event is to present the space sector from the perspective of women working in it. We are trying to break the stereotypes that this is a purely male profession and we&hellip;\" \/>\n<meta property=\"og:url\" content=\"https:\/\/www.czechspaceweek.com\/en\/space4women-will-take-place-this-wednesday-at-opero\/\" \/>\n<meta property=\"og:site_name\" content=\"Czech Space Week\" \/>\n<meta property=\"article:published_time\" content=\"2022-11-29T13:52:08+00:00\" \/>\n<meta property=\"og:image\" content=\"https:\/\/www.czechspaceweek.com\/wp-content\/uploads\/2022\/11\/a834914a-cbc5-ae1e-9920-b4b2f7d47598.jpg\" \/>\n\t<meta property=\"og:image:width\" content=\"1191\" \/>\n\t<meta property=\"og:image:height\" content=\"697\" \/>\n\t<meta property=\"og:image:type\" content=\"image\/jpeg\" \/>\n<meta name=\"author\" content=\"Redakce\" \/>\n<meta name=\"twitter:card\" content=\"summary_large_image\" \/>\n<meta name=\"twitter:label1\" content=\"Written by\" \/>\n\t<meta name=\"twitter:data1\" content=\"Redakce\" \/>\n\t<meta name=\"twitter:label2\" content=\"Est. reading time\" \/>\n\t<meta name=\"twitter:data2\" content=\"1 minute\" \/>\n<script type=\"application\/ld+json\" class=\"yoast-schema-graph\">{\"@context\":\"https:\\\/\\\/schema.org\",\"@graph\":[{\"@type\":\"Article\",\"@id\":\"https:\\\/\\\/www.czechspaceweek.com\\\/en\\\/space4women-will-take-place-this-wednesday-at-opero\\\/#article\",\"isPartOf\":{\"@id\":\"https:\\\/\\\/www.czechspaceweek.com\\\/en\\\/space4women-will-take-place-this-wednesday-at-opero\\\/\"},\"author\":{\"name\":\"Redakce\",\"@id\":\"https:\\\/\\\/www.czechspaceweek.com\\\/#\\\/schema\\\/person\\\/8af9154705964d9030f70a5d774b8b8b\"},\"headline\":\"Space4Women will take place this Wednesday at OPERO\",\"datePublished\":\"2022-11-29T13:52:08+00:00\",\"mainEntityOfPage\":{\"@id\":\"https:\\\/\\\/www.czechspaceweek.com\\\/en\\\/space4women-will-take-place-this-wednesday-at-opero\\\/\"},\"wordCount\":119,\"publisher\":{\"@id\":\"https:\\\/\\\/www.czechspaceweek.com\\\/#organization\"},\"image\":{\"@id\":\"https:\\\/\\\/www.czechspaceweek.com\\\/en\\\/space4women-will-take-place-this-wednesday-at-opero\\\/#primaryimage\"},\"thumbnailUrl\":\"https:\\\/\\\/www.czechspaceweek.com\\\/wp-content\\\/uploads\\\/2022\\\/11\\\/a834914a-cbc5-ae1e-9920-b4b2f7d47598.jpg\",\"articleSection\":[\"Czech Space Week\"],\"inLanguage\":\"en-US\"},{\"@type\":\"WebPage\",\"@id\":\"https:\\\/\\\/www.czechspaceweek.com\\\/en\\\/space4women-will-take-place-this-wednesday-at-opero\\\/\",\"url\":\"https:\\\/\\\/www.czechspaceweek.com\\\/en\\\/space4women-will-take-place-this-wednesday-at-opero\\\/\",\"name\":\"Space4Women will take place this Wednesday at OPERO - Czech Space Week\",\"isPartOf\":{\"@id\":\"https:\\\/\\\/www.czechspaceweek.com\\\/#website\"},\"primaryImageOfPage\":{\"@id\":\"https:\\\/\\\/www.czechspaceweek.com\\\/en\\\/space4women-will-take-place-this-wednesday-at-opero\\\/#primaryimage\"},\"image\":{\"@id\":\"https:\\\/\\\/www.czechspaceweek.com\\\/en\\\/space4women-will-take-place-this-wednesday-at-opero\\\/#primaryimage\"},\"thumbnailUrl\":\"https:\\\/\\\/www.czechspaceweek.com\\\/wp-content\\\/uploads\\\/2022\\\/11\\\/a834914a-cbc5-ae1e-9920-b4b2f7d47598.jpg\",\"datePublished\":\"2022-11-29T13:52:08+00:00\",\"breadcrumb\":{\"@id\":\"https:\\\/\\\/www.czechspaceweek.com\\\/en\\\/space4women-will-take-place-this-wednesday-at-opero\\\/#breadcrumb\"},\"inLanguage\":\"en-US\",\"potentialAction\":[{\"@type\":\"ReadAction\",\"target\":[\"https:\\\/\\\/www.czechspaceweek.com\\\/en\\\/space4women-will-take-place-this-wednesday-at-opero\\\/\"]}]},{\"@type\":\"ImageObject\",\"inLanguage\":\"en-US\",\"@id\":\"https:\\\/\\\/www.czechspaceweek.com\\\/en\\\/space4women-will-take-place-this-wednesday-at-opero\\\/#primaryimage\",\"url\":\"https:\\\/\\\/www.czechspaceweek.com\\\/wp-content\\\/uploads\\\/2022\\\/11\\\/a834914a-cbc5-ae1e-9920-b4b2f7d47598.jpg\",\"contentUrl\":\"https:\\\/\\\/www.czechspaceweek.com\\\/wp-content\\\/uploads\\\/2022\\\/11\\\/a834914a-cbc5-ae1e-9920-b4b2f7d47598.jpg\",\"width\":1191,\"height\":697},{\"@type\":\"BreadcrumbList\",\"@id\":\"https:\\\/\\\/www.czechspaceweek.com\\\/en\\\/space4women-will-take-place-this-wednesday-at-opero\\\/#breadcrumb\",\"itemListElement\":[{\"@type\":\"ListItem\",\"position\":1,\"name\":\"Dom\u016f\",\"item\":\"https:\\\/\\\/www.czechspaceweek.com\\\/en\\\/\"},{\"@type\":\"ListItem\",\"position\":2,\"name\":\"Space4Women will take place this Wednesday at OPERO\"}]},{\"@type\":\"WebSite\",\"@id\":\"https:\\\/\\\/www.czechspaceweek.com\\\/#website\",\"url\":\"https:\\\/\\\/www.czechspaceweek.com\\\/\",\"name\":\"Czech Space Week\",\"description\":\"Czech Space Week p\u0159ipravuje Agentura CzechInvest a Ministerstvo dopravy \u010cR. Jedn\u00e1 se o nejv\u011bt\u0161\u00ed akci zam\u011b\u0159enou na kosmick\u00e9 aktivity v \u010cesku.\",\"publisher\":{\"@id\":\"https:\\\/\\\/www.czechspaceweek.com\\\/#organization\"},\"potentialAction\":[{\"@type\":\"SearchAction\",\"target\":{\"@type\":\"EntryPoint\",\"urlTemplate\":\"https:\\\/\\\/www.czechspaceweek.com\\\/?s={search_term_string}\"},\"query-input\":{\"@type\":\"PropertyValueSpecification\",\"valueRequired\":true,\"valueName\":\"search_term_string\"}}],\"inLanguage\":\"en-US\"},{\"@type\":\"Organization\",\"@id\":\"https:\\\/\\\/www.czechspaceweek.com\\\/#organization\",\"name\":\"Czech Space Week\",\"url\":\"https:\\\/\\\/www.czechspaceweek.com\\\/\",\"logo\":{\"@type\":\"ImageObject\",\"inLanguage\":\"en-US\",\"@id\":\"https:\\\/\\\/www.czechspaceweek.com\\\/#\\\/schema\\\/logo\\\/image\\\/\",\"url\":\"https:\\\/\\\/www.czechspaceweek.com\\\/wp-content\\\/uploads\\\/2024\\\/05\\\/CzechSpaceWeek-logo-548px.png\",\"contentUrl\":\"https:\\\/\\\/www.czechspaceweek.com\\\/wp-content\\\/uploads\\\/2024\\\/05\\\/CzechSpaceWeek-logo-548px.png\",\"width\":548,\"height\":548,\"caption\":\"Czech Space Week\"},\"image\":{\"@id\":\"https:\\\/\\\/www.czechspaceweek.com\\\/#\\\/schema\\\/logo\\\/image\\\/\"}},{\"@type\":\"Person\",\"@id\":\"https:\\\/\\\/www.czechspaceweek.com\\\/#\\\/schema\\\/person\\\/8af9154705964d9030f70a5d774b8b8b\",\"name\":\"Redakce\",\"url\":\"https:\\\/\\\/www.czechspaceweek.com\\\/en\\\/author\\\/michael-sidoinsightpr-cz\\\/\"}]}<\/script>\n<!-- \/ Yoast SEO plugin. -->","yoast_head_json":{"title":"Space4Women will take place this Wednesday at OPERO - Czech Space Week","robots":{"index":"index","follow":"follow","max-snippet":"max-snippet:-1","max-image-preview":"max-image-preview:large","max-video-preview":"max-video-preview:-1"},"canonical":"https:\/\/www.czechspaceweek.com\/en\/space4women-will-take-place-this-wednesday-at-opero\/","og_locale":"en_US","og_type":"article","og_title":"Space4Women will take place this Wednesday at OPERO - Czech Space Week","og_description":"Just like last year, interesting women working in the space industry will perform on one stage at the Space4Women event. The aim of the event is to present the space sector from the perspective of women working in it. We are trying to break the stereotypes that this is a purely male profession and we&hellip;","og_url":"https:\/\/www.czechspaceweek.com\/en\/space4women-will-take-place-this-wednesday-at-opero\/","og_site_name":"Czech Space Week","article_published_time":"2022-11-29T13:52:08+00:00","og_image":[{"width":1191,"height":697,"url":"https:\/\/www.czechspaceweek.com\/wp-content\/uploads\/2022\/11\/a834914a-cbc5-ae1e-9920-b4b2f7d47598.jpg","type":"image\/jpeg"}],"author":"Redakce","twitter_card":"summary_large_image","twitter_misc":{"Written by":"Redakce","Est. reading time":"1 minute"},"schema":{"@context":"https:\/\/schema.org","@graph":[{"@type":"Article","@id":"https:\/\/www.czechspaceweek.com\/en\/space4women-will-take-place-this-wednesday-at-opero\/#article","isPartOf":{"@id":"https:\/\/www.czechspaceweek.com\/en\/space4women-will-take-place-this-wednesday-at-opero\/"},"author":{"name":"Redakce","@id":"https:\/\/www.czechspaceweek.com\/#\/schema\/person\/8af9154705964d9030f70a5d774b8b8b"},"headline":"Space4Women will take place this Wednesday at OPERO","datePublished":"2022-11-29T13:52:08+00:00","mainEntityOfPage":{"@id":"https:\/\/www.czechspaceweek.com\/en\/space4women-will-take-place-this-wednesday-at-opero\/"},"wordCount":119,"publisher":{"@id":"https:\/\/www.czechspaceweek.com\/#organization"},"image":{"@id":"https:\/\/www.czechspaceweek.com\/en\/space4women-will-take-place-this-wednesday-at-opero\/#primaryimage"},"thumbnailUrl":"https:\/\/www.czechspaceweek.com\/wp-content\/uploads\/2022\/11\/a834914a-cbc5-ae1e-9920-b4b2f7d47598.jpg","articleSection":["Czech Space Week"],"inLanguage":"en-US"},{"@type":"WebPage","@id":"https:\/\/www.czechspaceweek.com\/en\/space4women-will-take-place-this-wednesday-at-opero\/","url":"https:\/\/www.czechspaceweek.com\/en\/space4women-will-take-place-this-wednesday-at-opero\/","name":"Space4Women will take place this Wednesday at OPERO - Czech Space Week","isPartOf":{"@id":"https:\/\/www.czechspaceweek.com\/#website"},"primaryImageOfPage":{"@id":"https:\/\/www.czechspaceweek.com\/en\/space4women-will-take-place-this-wednesday-at-opero\/#primaryimage"},"image":{"@id":"https:\/\/www.czechspaceweek.com\/en\/space4women-will-take-place-this-wednesday-at-opero\/#primaryimage"},"thumbnailUrl":"https:\/\/www.czechspaceweek.com\/wp-content\/uploads\/2022\/11\/a834914a-cbc5-ae1e-9920-b4b2f7d47598.jpg","datePublished":"2022-11-29T13:52:08+00:00","breadcrumb":{"@id":"https:\/\/www.czechspaceweek.com\/en\/space4women-will-take-place-this-wednesday-at-opero\/#breadcrumb"},"inLanguage":"en-US","potentialAction":[{"@type":"ReadAction","target":["https:\/\/www.czechspaceweek.com\/en\/space4women-will-take-place-this-wednesday-at-opero\/"]}]},{"@type":"ImageObject","inLanguage":"en-US","@id":"https:\/\/www.czechspaceweek.com\/en\/space4women-will-take-place-this-wednesday-at-opero\/#primaryimage","url":"https:\/\/www.czechspaceweek.com\/wp-content\/uploads\/2022\/11\/a834914a-cbc5-ae1e-9920-b4b2f7d47598.jpg","contentUrl":"https:\/\/www.czechspaceweek.com\/wp-content\/uploads\/2022\/11\/a834914a-cbc5-ae1e-9920-b4b2f7d47598.jpg","width":1191,"height":697},{"@type":"BreadcrumbList","@id":"https:\/\/www.czechspaceweek.com\/en\/space4women-will-take-place-this-wednesday-at-opero\/#breadcrumb","itemListElement":[{"@type":"ListItem","position":1,"name":"Dom\u016f","item":"https:\/\/www.czechspaceweek.com\/en\/"},{"@type":"ListItem","position":2,"name":"Space4Women will take place this Wednesday at OPERO"}]},{"@type":"WebSite","@id":"https:\/\/www.czechspaceweek.com\/#website","url":"https:\/\/www.czechspaceweek.com\/","name":"Czech Space Week","description":"Czech Space Week p\u0159ipravuje Agentura CzechInvest a Ministerstvo dopravy \u010cR. Jedn\u00e1 se o nejv\u011bt\u0161\u00ed akci zam\u011b\u0159enou na kosmick\u00e9 aktivity v \u010cesku.","publisher":{"@id":"https:\/\/www.czechspaceweek.com\/#organization"},"potentialAction":[{"@type":"SearchAction","target":{"@type":"EntryPoint","urlTemplate":"https:\/\/www.czechspaceweek.com\/?s={search_term_string}"},"query-input":{"@type":"PropertyValueSpecification","valueRequired":true,"valueName":"search_term_string"}}],"inLanguage":"en-US"},{"@type":"Organization","@id":"https:\/\/www.czechspaceweek.com\/#organization","name":"Czech Space Week","url":"https:\/\/www.czechspaceweek.com\/","logo":{"@type":"ImageObject","inLanguage":"en-US","@id":"https:\/\/www.czechspaceweek.com\/#\/schema\/logo\/image\/","url":"https:\/\/www.czechspaceweek.com\/wp-content\/uploads\/2024\/05\/CzechSpaceWeek-logo-548px.png","contentUrl":"https:\/\/www.czechspaceweek.com\/wp-content\/uploads\/2024\/05\/CzechSpaceWeek-logo-548px.png","width":548,"height":548,"caption":"Czech Space Week"},"image":{"@id":"https:\/\/www.czechspaceweek.com\/#\/schema\/logo\/image\/"}},{"@type":"Person","@id":"https:\/\/www.czechspaceweek.com\/#\/schema\/person\/8af9154705964d9030f70a5d774b8b8b","name":"Redakce","url":"https:\/\/www.czechspaceweek.com\/en\/author\/michael-sidoinsightpr-cz\/"}]}},"_links":{"self":[{"href":"https:\/\/www.czechspaceweek.com\/en\/wp-json\/wp\/v2\/posts\/87377","targetHints":{"allow":["GET"]}}],"collection":[{"href":"https:\/\/www.czechspaceweek.com\/en\/wp-json\/wp\/v2\/posts"}],"about":[{"href":"https:\/\/www.czechspaceweek.com\/en\/wp-json\/wp\/v2\/types\/post"}],"author":[{"embeddable":true,"href":"https:\/\/www.czechspaceweek.com\/en\/wp-json\/wp\/v2\/users\/5"}],"replies":[{"embeddable":true,"href":"https:\/\/www.czechspaceweek.com\/en\/wp-json\/wp\/v2\/comments?post=87377"}],"version-history":[{"count":0,"href":"https:\/\/www.czechspaceweek.com\/en\/wp-json\/wp\/v2\/posts\/87377\/revisions"}],"wp:featuredmedia":[{"embeddable":true,"href":"https:\/\/www.czechspaceweek.com\/en\/wp-json\/wp\/v2\/media\/86871"}],"wp:attachment":[{"href":"https:\/\/www.czechspaceweek.com\/en\/wp-json\/wp\/v2\/media?parent=87377"}],"wp:term":[{"taxonomy":"category","embeddable":true,"href":"https:\/\/www.czechspaceweek.com\/en\/wp-json\/wp\/v2\/categories?post=87377"},{"taxonomy":"post_tag","embeddable":true,"href":"https:\/\/www.czechspaceweek.com\/en\/wp-json\/wp\/v2\/tags?post=87377"}],"curies":[{"name":"wp","href":"https:\/\/api.w.org\/{rel}","templated":true}]}}