{"id":87376,"date":"2022-12-07T02:31:01","date_gmt":"2022-12-07T01:31:01","guid":{"rendered":"http:\/\/www.czechspaceweek.com.uvirt135.active24.cz\/czech-space-week-is-over-check-out-the-footage-of-key-events\/"},"modified":"2022-12-07T02:31:01","modified_gmt":"2022-12-07T01:31:01","slug":"czech-space-week-is-over-check-out-the-footage-of-key-events","status":"publish","type":"post","link":"https:\/\/www.czechspaceweek.com\/en\/czech-space-week-is-over-check-out-the-footage-of-key-events\/","title":{"rendered":"Czech Space Week is over: check out the footage of key events"},"content":{"rendered":"<p>This year&#8217;s Czech Space Week is over. For those of you who were unable to attend, we have prepared a recording of the Space2business main event, the press conference, the traditional Space4women event or the Student and Graduate Opportunities Conference Next Stop: Space.<\/p>\n<p><strong>Space2business &#8211; 1. Day<\/strong><\/p>\n<p><iframe title=\"Livestream Space2Business - 28. 11. 2022\" width=\"1200\" height=\"675\" src=\"https:\/\/www.youtube.com\/embed\/nQw3rJXJiSI?start=5843&#038;feature=oembed\" frameborder=\"0\" allow=\"accelerometer; autoplay; clipboard-write; encrypted-media; gyroscope; picture-in-picture; web-share\" allowfullscreen><\/iframe><\/p>\n<p><strong>Space2business &#8211; 2. Day<\/strong><\/p>\n<p><iframe title=\"Livestream Space2Business \u2013 29. 11.2022\" width=\"1200\" height=\"675\" src=\"https:\/\/www.youtube.com\/embed\/sEec-lQ29M4?feature=oembed\" frameborder=\"0\" allow=\"accelerometer; autoplay; clipboard-write; encrypted-media; gyroscope; picture-in-picture; web-share\" allowfullscreen><\/iframe><\/p>\n<p><strong>Press conference<\/strong><\/p>\n<p><iframe title=\"Czech Space Week 2022: Tiskov\u00e1 konference - livestream\" width=\"1200\" height=\"675\" src=\"https:\/\/www.youtube.com\/embed\/SZ4niHN4Ybg?feature=oembed\" frameborder=\"0\" allow=\"accelerometer; autoplay; clipboard-write; encrypted-media; gyroscope; picture-in-picture; web-share\" allowfullscreen><\/iframe><\/p>\n<p><strong>Space4women<\/strong><\/p>\n<p><iframe title=\"Livestream Space4Women - 30. 11. 2022\" width=\"1200\" height=\"675\" src=\"https:\/\/www.youtube.com\/embed\/QFwTnBgh3vI?start=4832&#038;feature=oembed\" frameborder=\"0\" allow=\"accelerometer; autoplay; clipboard-write; encrypted-media; gyroscope; picture-in-picture; web-share\" allowfullscreen><\/iframe><\/p>\n<p><strong>Next stop: Space (Activities for high school students and the road to college)<\/strong><\/p>\n<p><iframe title=\"P\u0159\u00ed\u0161t\u00ed zast\u00e1vka: Vesm\u00edr (Aktivity pro st\u0159edo\u0161kol\u00e1ky a cesta na vysokou \u0161kolu)\" width=\"1200\" height=\"675\" src=\"https:\/\/www.youtube.com\/embed\/1Ukh_nu5TcI?feature=oembed\" frameborder=\"0\" allow=\"accelerometer; autoplay; clipboard-write; encrypted-media; gyroscope; picture-in-picture; web-share\" allowfullscreen><\/iframe><\/p>\n<p><strong>Next stop: Space (Opportunities for undergraduates and further development of space careers)<\/strong><\/p>\n<p><iframe title=\"P\u0159\u00ed\u0161t\u00ed zast\u00e1vka: Vesm\u00edr (P\u0159\u00edle\u017eitosti pro vysoko\u0161kol\u00e1ky a dal\u0161\u00ed rozvoj vesm\u00edrn\u00e9 kari\u00e9ry)\" width=\"1200\" height=\"675\" src=\"https:\/\/www.youtube.com\/embed\/4kIXWXv_dwc?feature=oembed\" frameborder=\"0\" allow=\"accelerometer; autoplay; clipboard-write; encrypted-media; gyroscope; picture-in-picture; web-share\" allowfullscreen><\/iframe><\/p>\n<p><strong>Next stop: Space (Study, Science and Industry, Government)<\/strong><\/p>\n<p><iframe title=\"P\u0159\u00ed\u0161t\u00ed zast\u00e1vka: Vesm\u00edr (Studium, v\u011bda a pr\u016fmysl, st\u00e1tn\u00ed spr\u00e1va)\" width=\"1200\" height=\"675\" src=\"https:\/\/www.youtube.com\/embed\/ub8-dmHvk9o?feature=oembed\" frameborder=\"0\" allow=\"accelerometer; autoplay; clipboard-write; encrypted-media; gyroscope; picture-in-picture; web-share\" allowfullscreen><\/iframe><\/p>\n","protected":false},"excerpt":{"rendered":"<p>This year&#8217;s Czech Space Week is over. For those of you who were unable to attend, we have prepared a recording of the Space2business main event, the press conference, the traditional Space4women event or the Student and Graduate Opportunities Conference Next Stop: Space. Space2business &#8211; 1. Day Space2business &#8211; 2. Day Press conference Space4women Next&hellip;<\/p>\n","protected":false},"author":5,"featured_media":86872,"comment_status":"closed","ping_status":"closed","sticky":false,"template":"","format":"standard","meta":{"footnotes":""},"categories":[44],"tags":[],"class_list":["post-87376","post","type-post","status-publish","format-standard","has-post-thumbnail","hentry","category-czech-space-week","category-44","description-off"],"yoast_head":"<!-- This site is optimized with the Yoast SEO plugin v27.5 - https:\/\/yoast.com\/product\/yoast-seo-wordpress\/ -->\n<title>Czech Space Week is over: check out the footage of key events - Czech Space Week<\/title>\n<meta name=\"robots\" content=\"index, follow, max-snippet:-1, max-image-preview:large, max-video-preview:-1\" \/>\n<link rel=\"canonical\" href=\"https:\/\/www.czechspaceweek.com\/en\/czech-space-week-is-over-check-out-the-footage-of-key-events\/\" \/>\n<meta property=\"og:locale\" content=\"en_US\" \/>\n<meta property=\"og:type\" content=\"article\" \/>\n<meta property=\"og:title\" content=\"Czech Space Week is over: check out the footage of key events - Czech Space Week\" \/>\n<meta property=\"og:description\" content=\"This year&#8217;s Czech Space Week is over. For those of you who were unable to attend, we have prepared a recording of the Space2business main event, the press conference, the traditional Space4women event or the Student and Graduate Opportunities Conference Next Stop: Space. Space2business &#8211; 1. Day Space2business &#8211; 2. Day Press conference Space4women Next&hellip;\" \/>\n<meta property=\"og:url\" content=\"https:\/\/www.czechspaceweek.com\/en\/czech-space-week-is-over-check-out-the-footage-of-key-events\/\" \/>\n<meta property=\"og:site_name\" content=\"Czech Space Week\" \/>\n<meta property=\"article:published_time\" content=\"2022-12-07T01:31:01+00:00\" \/>\n<meta property=\"og:image\" content=\"https:\/\/www.czechspaceweek.com\/wp-content\/uploads\/2022\/12\/IMG-3368-scaled.jpg\" \/>\n\t<meta property=\"og:image:width\" content=\"2560\" \/>\n\t<meta property=\"og:image:height\" content=\"1920\" \/>\n\t<meta property=\"og:image:type\" content=\"image\/jpeg\" \/>\n<meta name=\"author\" content=\"Redakce\" \/>\n<meta name=\"twitter:card\" content=\"summary_large_image\" \/>\n<meta name=\"twitter:label1\" content=\"Written by\" \/>\n\t<meta name=\"twitter:data1\" content=\"Redakce\" \/>\n\t<meta name=\"twitter:label2\" content=\"Est. reading time\" \/>\n\t<meta name=\"twitter:data2\" content=\"1 minute\" \/>\n<script type=\"application\/ld+json\" class=\"yoast-schema-graph\">{\"@context\":\"https:\\\/\\\/schema.org\",\"@graph\":[{\"@type\":\"Article\",\"@id\":\"https:\\\/\\\/www.czechspaceweek.com\\\/en\\\/czech-space-week-is-over-check-out-the-footage-of-key-events\\\/#article\",\"isPartOf\":{\"@id\":\"https:\\\/\\\/www.czechspaceweek.com\\\/en\\\/czech-space-week-is-over-check-out-the-footage-of-key-events\\\/\"},\"author\":{\"name\":\"Redakce\",\"@id\":\"https:\\\/\\\/www.czechspaceweek.com\\\/#\\\/schema\\\/person\\\/8af9154705964d9030f70a5d774b8b8b\"},\"headline\":\"Czech Space Week is over: check out the footage of key events\",\"datePublished\":\"2022-12-07T01:31:01+00:00\",\"mainEntityOfPage\":{\"@id\":\"https:\\\/\\\/www.czechspaceweek.com\\\/en\\\/czech-space-week-is-over-check-out-the-footage-of-key-events\\\/\"},\"wordCount\":173,\"publisher\":{\"@id\":\"https:\\\/\\\/www.czechspaceweek.com\\\/#organization\"},\"image\":{\"@id\":\"https:\\\/\\\/www.czechspaceweek.com\\\/en\\\/czech-space-week-is-over-check-out-the-footage-of-key-events\\\/#primaryimage\"},\"thumbnailUrl\":\"https:\\\/\\\/www.czechspaceweek.com\\\/wp-content\\\/uploads\\\/2022\\\/12\\\/IMG-3368-scaled.jpg\",\"articleSection\":[\"Czech Space Week\"],\"inLanguage\":\"en-US\"},{\"@type\":\"WebPage\",\"@id\":\"https:\\\/\\\/www.czechspaceweek.com\\\/en\\\/czech-space-week-is-over-check-out-the-footage-of-key-events\\\/\",\"url\":\"https:\\\/\\\/www.czechspaceweek.com\\\/en\\\/czech-space-week-is-over-check-out-the-footage-of-key-events\\\/\",\"name\":\"Czech Space Week is over: check out the footage of key events - Czech Space Week\",\"isPartOf\":{\"@id\":\"https:\\\/\\\/www.czechspaceweek.com\\\/#website\"},\"primaryImageOfPage\":{\"@id\":\"https:\\\/\\\/www.czechspaceweek.com\\\/en\\\/czech-space-week-is-over-check-out-the-footage-of-key-events\\\/#primaryimage\"},\"image\":{\"@id\":\"https:\\\/\\\/www.czechspaceweek.com\\\/en\\\/czech-space-week-is-over-check-out-the-footage-of-key-events\\\/#primaryimage\"},\"thumbnailUrl\":\"https:\\\/\\\/www.czechspaceweek.com\\\/wp-content\\\/uploads\\\/2022\\\/12\\\/IMG-3368-scaled.jpg\",\"datePublished\":\"2022-12-07T01:31:01+00:00\",\"breadcrumb\":{\"@id\":\"https:\\\/\\\/www.czechspaceweek.com\\\/en\\\/czech-space-week-is-over-check-out-the-footage-of-key-events\\\/#breadcrumb\"},\"inLanguage\":\"en-US\",\"potentialAction\":[{\"@type\":\"ReadAction\",\"target\":[\"https:\\\/\\\/www.czechspaceweek.com\\\/en\\\/czech-space-week-is-over-check-out-the-footage-of-key-events\\\/\"]}]},{\"@type\":\"ImageObject\",\"inLanguage\":\"en-US\",\"@id\":\"https:\\\/\\\/www.czechspaceweek.com\\\/en\\\/czech-space-week-is-over-check-out-the-footage-of-key-events\\\/#primaryimage\",\"url\":\"https:\\\/\\\/www.czechspaceweek.com\\\/wp-content\\\/uploads\\\/2022\\\/12\\\/IMG-3368-scaled.jpg\",\"contentUrl\":\"https:\\\/\\\/www.czechspaceweek.com\\\/wp-content\\\/uploads\\\/2022\\\/12\\\/IMG-3368-scaled.jpg\",\"width\":2560,\"height\":1920},{\"@type\":\"BreadcrumbList\",\"@id\":\"https:\\\/\\\/www.czechspaceweek.com\\\/en\\\/czech-space-week-is-over-check-out-the-footage-of-key-events\\\/#breadcrumb\",\"itemListElement\":[{\"@type\":\"ListItem\",\"position\":1,\"name\":\"Dom\u016f\",\"item\":\"https:\\\/\\\/www.czechspaceweek.com\\\/en\\\/\"},{\"@type\":\"ListItem\",\"position\":2,\"name\":\"Czech Space Week is over: check out the footage of key events\"}]},{\"@type\":\"WebSite\",\"@id\":\"https:\\\/\\\/www.czechspaceweek.com\\\/#website\",\"url\":\"https:\\\/\\\/www.czechspaceweek.com\\\/\",\"name\":\"Czech Space Week\",\"description\":\"Czech Space Week p\u0159ipravuje Agentura CzechInvest a Ministerstvo dopravy \u010cR. Jedn\u00e1 se o nejv\u011bt\u0161\u00ed akci zam\u011b\u0159enou na kosmick\u00e9 aktivity v \u010cesku.\",\"publisher\":{\"@id\":\"https:\\\/\\\/www.czechspaceweek.com\\\/#organization\"},\"potentialAction\":[{\"@type\":\"SearchAction\",\"target\":{\"@type\":\"EntryPoint\",\"urlTemplate\":\"https:\\\/\\\/www.czechspaceweek.com\\\/?s={search_term_string}\"},\"query-input\":{\"@type\":\"PropertyValueSpecification\",\"valueRequired\":true,\"valueName\":\"search_term_string\"}}],\"inLanguage\":\"en-US\"},{\"@type\":\"Organization\",\"@id\":\"https:\\\/\\\/www.czechspaceweek.com\\\/#organization\",\"name\":\"Czech Space Week\",\"url\":\"https:\\\/\\\/www.czechspaceweek.com\\\/\",\"logo\":{\"@type\":\"ImageObject\",\"inLanguage\":\"en-US\",\"@id\":\"https:\\\/\\\/www.czechspaceweek.com\\\/#\\\/schema\\\/logo\\\/image\\\/\",\"url\":\"https:\\\/\\\/www.czechspaceweek.com\\\/wp-content\\\/uploads\\\/2024\\\/05\\\/CzechSpaceWeek-logo-548px.png\",\"contentUrl\":\"https:\\\/\\\/www.czechspaceweek.com\\\/wp-content\\\/uploads\\\/2024\\\/05\\\/CzechSpaceWeek-logo-548px.png\",\"width\":548,\"height\":548,\"caption\":\"Czech Space Week\"},\"image\":{\"@id\":\"https:\\\/\\\/www.czechspaceweek.com\\\/#\\\/schema\\\/logo\\\/image\\\/\"}},{\"@type\":\"Person\",\"@id\":\"https:\\\/\\\/www.czechspaceweek.com\\\/#\\\/schema\\\/person\\\/8af9154705964d9030f70a5d774b8b8b\",\"name\":\"Redakce\",\"url\":\"https:\\\/\\\/www.czechspaceweek.com\\\/en\\\/author\\\/michael-sidoinsightpr-cz\\\/\"}]}<\/script>\n<!-- \/ Yoast SEO plugin. -->","yoast_head_json":{"title":"Czech Space Week is over: check out the footage of key events - Czech Space Week","robots":{"index":"index","follow":"follow","max-snippet":"max-snippet:-1","max-image-preview":"max-image-preview:large","max-video-preview":"max-video-preview:-1"},"canonical":"https:\/\/www.czechspaceweek.com\/en\/czech-space-week-is-over-check-out-the-footage-of-key-events\/","og_locale":"en_US","og_type":"article","og_title":"Czech Space Week is over: check out the footage of key events - Czech Space Week","og_description":"This year&#8217;s Czech Space Week is over. For those of you who were unable to attend, we have prepared a recording of the Space2business main event, the press conference, the traditional Space4women event or the Student and Graduate Opportunities Conference Next Stop: Space. Space2business &#8211; 1. Day Space2business &#8211; 2. Day Press conference Space4women Next&hellip;","og_url":"https:\/\/www.czechspaceweek.com\/en\/czech-space-week-is-over-check-out-the-footage-of-key-events\/","og_site_name":"Czech Space Week","article_published_time":"2022-12-07T01:31:01+00:00","og_image":[{"width":2560,"height":1920,"url":"https:\/\/www.czechspaceweek.com\/wp-content\/uploads\/2022\/12\/IMG-3368-scaled.jpg","type":"image\/jpeg"}],"author":"Redakce","twitter_card":"summary_large_image","twitter_misc":{"Written by":"Redakce","Est. reading time":"1 minute"},"schema":{"@context":"https:\/\/schema.org","@graph":[{"@type":"Article","@id":"https:\/\/www.czechspaceweek.com\/en\/czech-space-week-is-over-check-out-the-footage-of-key-events\/#article","isPartOf":{"@id":"https:\/\/www.czechspaceweek.com\/en\/czech-space-week-is-over-check-out-the-footage-of-key-events\/"},"author":{"name":"Redakce","@id":"https:\/\/www.czechspaceweek.com\/#\/schema\/person\/8af9154705964d9030f70a5d774b8b8b"},"headline":"Czech Space Week is over: check out the footage of key events","datePublished":"2022-12-07T01:31:01+00:00","mainEntityOfPage":{"@id":"https:\/\/www.czechspaceweek.com\/en\/czech-space-week-is-over-check-out-the-footage-of-key-events\/"},"wordCount":173,"publisher":{"@id":"https:\/\/www.czechspaceweek.com\/#organization"},"image":{"@id":"https:\/\/www.czechspaceweek.com\/en\/czech-space-week-is-over-check-out-the-footage-of-key-events\/#primaryimage"},"thumbnailUrl":"https:\/\/www.czechspaceweek.com\/wp-content\/uploads\/2022\/12\/IMG-3368-scaled.jpg","articleSection":["Czech Space Week"],"inLanguage":"en-US"},{"@type":"WebPage","@id":"https:\/\/www.czechspaceweek.com\/en\/czech-space-week-is-over-check-out-the-footage-of-key-events\/","url":"https:\/\/www.czechspaceweek.com\/en\/czech-space-week-is-over-check-out-the-footage-of-key-events\/","name":"Czech Space Week is over: check out the footage of key events - Czech Space Week","isPartOf":{"@id":"https:\/\/www.czechspaceweek.com\/#website"},"primaryImageOfPage":{"@id":"https:\/\/www.czechspaceweek.com\/en\/czech-space-week-is-over-check-out-the-footage-of-key-events\/#primaryimage"},"image":{"@id":"https:\/\/www.czechspaceweek.com\/en\/czech-space-week-is-over-check-out-the-footage-of-key-events\/#primaryimage"},"thumbnailUrl":"https:\/\/www.czechspaceweek.com\/wp-content\/uploads\/2022\/12\/IMG-3368-scaled.jpg","datePublished":"2022-12-07T01:31:01+00:00","breadcrumb":{"@id":"https:\/\/www.czechspaceweek.com\/en\/czech-space-week-is-over-check-out-the-footage-of-key-events\/#breadcrumb"},"inLanguage":"en-US","potentialAction":[{"@type":"ReadAction","target":["https:\/\/www.czechspaceweek.com\/en\/czech-space-week-is-over-check-out-the-footage-of-key-events\/"]}]},{"@type":"ImageObject","inLanguage":"en-US","@id":"https:\/\/www.czechspaceweek.com\/en\/czech-space-week-is-over-check-out-the-footage-of-key-events\/#primaryimage","url":"https:\/\/www.czechspaceweek.com\/wp-content\/uploads\/2022\/12\/IMG-3368-scaled.jpg","contentUrl":"https:\/\/www.czechspaceweek.com\/wp-content\/uploads\/2022\/12\/IMG-3368-scaled.jpg","width":2560,"height":1920},{"@type":"BreadcrumbList","@id":"https:\/\/www.czechspaceweek.com\/en\/czech-space-week-is-over-check-out-the-footage-of-key-events\/#breadcrumb","itemListElement":[{"@type":"ListItem","position":1,"name":"Dom\u016f","item":"https:\/\/www.czechspaceweek.com\/en\/"},{"@type":"ListItem","position":2,"name":"Czech Space Week is over: check out the footage of key events"}]},{"@type":"WebSite","@id":"https:\/\/www.czechspaceweek.com\/#website","url":"https:\/\/www.czechspaceweek.com\/","name":"Czech Space Week","description":"Czech Space Week p\u0159ipravuje Agentura CzechInvest a Ministerstvo dopravy \u010cR. Jedn\u00e1 se o nejv\u011bt\u0161\u00ed akci zam\u011b\u0159enou na kosmick\u00e9 aktivity v \u010cesku.","publisher":{"@id":"https:\/\/www.czechspaceweek.com\/#organization"},"potentialAction":[{"@type":"SearchAction","target":{"@type":"EntryPoint","urlTemplate":"https:\/\/www.czechspaceweek.com\/?s={search_term_string}"},"query-input":{"@type":"PropertyValueSpecification","valueRequired":true,"valueName":"search_term_string"}}],"inLanguage":"en-US"},{"@type":"Organization","@id":"https:\/\/www.czechspaceweek.com\/#organization","name":"Czech Space Week","url":"https:\/\/www.czechspaceweek.com\/","logo":{"@type":"ImageObject","inLanguage":"en-US","@id":"https:\/\/www.czechspaceweek.com\/#\/schema\/logo\/image\/","url":"https:\/\/www.czechspaceweek.com\/wp-content\/uploads\/2024\/05\/CzechSpaceWeek-logo-548px.png","contentUrl":"https:\/\/www.czechspaceweek.com\/wp-content\/uploads\/2024\/05\/CzechSpaceWeek-logo-548px.png","width":548,"height":548,"caption":"Czech Space Week"},"image":{"@id":"https:\/\/www.czechspaceweek.com\/#\/schema\/logo\/image\/"}},{"@type":"Person","@id":"https:\/\/www.czechspaceweek.com\/#\/schema\/person\/8af9154705964d9030f70a5d774b8b8b","name":"Redakce","url":"https:\/\/www.czechspaceweek.com\/en\/author\/michael-sidoinsightpr-cz\/"}]}},"_links":{"self":[{"href":"https:\/\/www.czechspaceweek.com\/en\/wp-json\/wp\/v2\/posts\/87376","targetHints":{"allow":["GET"]}}],"collection":[{"href":"https:\/\/www.czechspaceweek.com\/en\/wp-json\/wp\/v2\/posts"}],"about":[{"href":"https:\/\/www.czechspaceweek.com\/en\/wp-json\/wp\/v2\/types\/post"}],"author":[{"embeddable":true,"href":"https:\/\/www.czechspaceweek.com\/en\/wp-json\/wp\/v2\/users\/5"}],"replies":[{"embeddable":true,"href":"https:\/\/www.czechspaceweek.com\/en\/wp-json\/wp\/v2\/comments?post=87376"}],"version-history":[{"count":0,"href":"https:\/\/www.czechspaceweek.com\/en\/wp-json\/wp\/v2\/posts\/87376\/revisions"}],"wp:featuredmedia":[{"embeddable":true,"href":"https:\/\/www.czechspaceweek.com\/en\/wp-json\/wp\/v2\/media\/86872"}],"wp:attachment":[{"href":"https:\/\/www.czechspaceweek.com\/en\/wp-json\/wp\/v2\/media?parent=87376"}],"wp:term":[{"taxonomy":"category","embeddable":true,"href":"https:\/\/www.czechspaceweek.com\/en\/wp-json\/wp\/v2\/categories?post=87376"},{"taxonomy":"post_tag","embeddable":true,"href":"https:\/\/www.czechspaceweek.com\/en\/wp-json\/wp\/v2\/tags?post=87376"}],"curies":[{"name":"wp","href":"https:\/\/api.w.org\/{rel}","templated":true}]}}