{"id":87375,"date":"2022-12-09T00:22:03","date_gmt":"2022-12-08T23:22:03","guid":{"rendered":"http:\/\/www.czechspaceweek.com.uvirt135.active24.cz\/photo-gallery-czech-space-week\/"},"modified":"2022-12-09T00:22:03","modified_gmt":"2022-12-08T23:22:03","slug":"photo-gallery-czech-space-week","status":"publish","type":"post","link":"https:\/\/www.czechspaceweek.com\/en\/photo-gallery-czech-space-week\/","title":{"rendered":"Photo Gallery Czech Space Week"},"content":{"rendered":"\n\t\t\t<style type='text\/css'>\n\t\t\t\t#gallery-1 {\n\t\t\t\t\tmargin: auto;\n\t\t\t\t}\n\t\t\t\t#gallery-1 .gallery-item {\n\t\t\t\t\tfloat: left;\n\t\t\t\t\tmargin-top: 10px;\n\t\t\t\t\ttext-align: center;\n\t\t\t\t\twidth: 20%;\n\t\t\t\t}\n\t\t\t\t#gallery-1 img {\n\t\t\t\t\tborder: 2px solid #cfcfcf;\n\t\t\t\t}\n\t\t\t\t#gallery-1 .gallery-caption {\n\t\t\t\t\tmargin-left: 0;\n\t\t\t\t}\n\t\t\t\t\/* see gallery_shortcode() in wp-includes\/media.php *\/\n\t\t\t<\/style>\n\t\t<div id='gallery-1' class='dt-gallery-container gallery galleryid-87375 gallery-columns-5 gallery-size-thumbnail'><dl class='gallery-item'>\n\t\t\t\t<dt class='gallery-icon landscape'>\n\t\t\t\t\t<a class=\"rollover\" href='https:\/\/www.czechspaceweek.com\/en\/photo-gallery-czech-space-week\/2022-11-28-ci-space2business-finals-413-2\/'><img decoding=\"async\" width=\"150\" height=\"150\" src=\"https:\/\/www.czechspaceweek.com\/wp-content\/uploads\/2022\/12\/2022-11-28-CI-Space2Business-FINALS-413-150x150.jpg\" class=\"attachment-thumbnail size-thumbnail\" alt=\"\" srcset=\"https:\/\/www.czechspaceweek.com\/wp-content\/uploads\/2022\/12\/2022-11-28-CI-Space2Business-FINALS-413-150x150.jpg 150w, https:\/\/www.czechspaceweek.com\/wp-content\/uploads\/2022\/12\/2022-11-28-CI-Space2Business-FINALS-413-300x300.jpg 300w\" sizes=\"(max-width: 150px) 100vw, 150px\" \/><\/a>\n\t\t\t\t<\/dt><\/dl><dl class='gallery-item'>\n\t\t\t\t<dt class='gallery-icon landscape'>\n\t\t\t\t\t<a class=\"rollover\" href='https:\/\/www.czechspaceweek.com\/en\/photo-gallery-czech-space-week\/2022-11-28-ci-space2business-finals-410-2\/'><img decoding=\"async\" width=\"150\" height=\"150\" src=\"https:\/\/www.czechspaceweek.com\/wp-content\/uploads\/2022\/12\/2022-11-28-CI-Space2Business-FINALS-410-150x150.jpg\" class=\"attachment-thumbnail size-thumbnail\" alt=\"\" srcset=\"https:\/\/www.czechspaceweek.com\/wp-content\/uploads\/2022\/12\/2022-11-28-CI-Space2Business-FINALS-410-150x150.jpg 150w, https:\/\/www.czechspaceweek.com\/wp-content\/uploads\/2022\/12\/2022-11-28-CI-Space2Business-FINALS-410-300x300.jpg 300w\" sizes=\"(max-width: 150px) 100vw, 150px\" \/><\/a>\n\t\t\t\t<\/dt><\/dl><dl class='gallery-item'>\n\t\t\t\t<dt class='gallery-icon landscape'>\n\t\t\t\t\t<a class=\"rollover\" href='https:\/\/www.czechspaceweek.com\/en\/photo-gallery-czech-space-week\/2022-11-28-ci-space2business-finals-407-2\/'><img decoding=\"async\" width=\"150\" height=\"150\" src=\"https:\/\/www.czechspaceweek.com\/wp-content\/uploads\/2022\/12\/2022-11-28-CI-Space2Business-FINALS-407-150x150.jpg\" class=\"attachment-thumbnail size-thumbnail\" alt=\"\" srcset=\"https:\/\/www.czechspaceweek.com\/wp-content\/uploads\/2022\/12\/2022-11-28-CI-Space2Business-FINALS-407-150x150.jpg 150w, https:\/\/www.czechspaceweek.com\/wp-content\/uploads\/2022\/12\/2022-11-28-CI-Space2Business-FINALS-407-300x300.jpg 300w\" sizes=\"(max-width: 150px) 100vw, 150px\" \/><\/a>\n\t\t\t\t<\/dt><\/dl><dl class='gallery-item'>\n\t\t\t\t<dt class='gallery-icon landscape'>\n\t\t\t\t\t<a class=\"rollover\" href='https:\/\/www.czechspaceweek.com\/en\/photo-gallery-czech-space-week\/2022-11-28-ci-space2business-finals-338-2\/'><img loading=\"lazy\" decoding=\"async\" width=\"150\" height=\"150\" src=\"https:\/\/www.czechspaceweek.com\/wp-content\/uploads\/2022\/12\/2022-11-28-CI-Space2Business-FINALS-338-150x150.jpg\" class=\"attachment-thumbnail size-thumbnail\" alt=\"\" srcset=\"https:\/\/www.czechspaceweek.com\/wp-content\/uploads\/2022\/12\/2022-11-28-CI-Space2Business-FINALS-338-150x150.jpg 150w, https:\/\/www.czechspaceweek.com\/wp-content\/uploads\/2022\/12\/2022-11-28-CI-Space2Business-FINALS-338-300x300.jpg 300w\" sizes=\"(max-width: 150px) 100vw, 150px\" \/><\/a>\n\t\t\t\t<\/dt><\/dl><dl class='gallery-item'>\n\t\t\t\t<dt class='gallery-icon landscape'>\n\t\t\t\t\t<a class=\"rollover\" href='https:\/\/www.czechspaceweek.com\/en\/photo-gallery-czech-space-week\/2022-11-28-ci-space2business-finals-326-2\/'><img loading=\"lazy\" decoding=\"async\" width=\"150\" height=\"150\" src=\"https:\/\/www.czechspaceweek.com\/wp-content\/uploads\/2022\/12\/2022-11-28-CI-Space2Business-FINALS-326-150x150.jpg\" class=\"attachment-thumbnail size-thumbnail\" alt=\"\" srcset=\"https:\/\/www.czechspaceweek.com\/wp-content\/uploads\/2022\/12\/2022-11-28-CI-Space2Business-FINALS-326-150x150.jpg 150w, https:\/\/www.czechspaceweek.com\/wp-content\/uploads\/2022\/12\/2022-11-28-CI-Space2Business-FINALS-326-300x300.jpg 300w\" sizes=\"(max-width: 150px) 100vw, 150px\" \/><\/a>\n\t\t\t\t<\/dt><\/dl><br style=\"clear: both\" \/><dl class='gallery-item'>\n\t\t\t\t<dt class='gallery-icon landscape'>\n\t\t\t\t\t<a class=\"rollover\" href='https:\/\/www.czechspaceweek.com\/en\/photo-gallery-czech-space-week\/2022-11-28-ci-space2business-finals-305-2\/'><img loading=\"lazy\" decoding=\"async\" width=\"150\" height=\"150\" src=\"https:\/\/www.czechspaceweek.com\/wp-content\/uploads\/2022\/12\/2022-11-28-CI-Space2Business-FINALS-305-150x150.jpg\" class=\"attachment-thumbnail size-thumbnail\" alt=\"\" srcset=\"https:\/\/www.czechspaceweek.com\/wp-content\/uploads\/2022\/12\/2022-11-28-CI-Space2Business-FINALS-305-150x150.jpg 150w, https:\/\/www.czechspaceweek.com\/wp-content\/uploads\/2022\/12\/2022-11-28-CI-Space2Business-FINALS-305-300x300.jpg 300w\" sizes=\"(max-width: 150px) 100vw, 150px\" \/><\/a>\n\t\t\t\t<\/dt><\/dl><dl class='gallery-item'>\n\t\t\t\t<dt class='gallery-icon landscape'>\n\t\t\t\t\t<a class=\"rollover\" href='https:\/\/www.czechspaceweek.com\/en\/photo-gallery-czech-space-week\/2022-11-28-ci-space2business-finals-297-2\/'><img loading=\"lazy\" decoding=\"async\" width=\"150\" height=\"150\" src=\"https:\/\/www.czechspaceweek.com\/wp-content\/uploads\/2022\/12\/2022-11-28-CI-Space2Business-FINALS-297-150x150.jpg\" class=\"attachment-thumbnail size-thumbnail\" alt=\"\" srcset=\"https:\/\/www.czechspaceweek.com\/wp-content\/uploads\/2022\/12\/2022-11-28-CI-Space2Business-FINALS-297-150x150.jpg 150w, https:\/\/www.czechspaceweek.com\/wp-content\/uploads\/2022\/12\/2022-11-28-CI-Space2Business-FINALS-297-300x300.jpg 300w\" sizes=\"(max-width: 150px) 100vw, 150px\" \/><\/a>\n\t\t\t\t<\/dt><\/dl><dl class='gallery-item'>\n\t\t\t\t<dt class='gallery-icon landscape'>\n\t\t\t\t\t<a class=\"rollover\" href='https:\/\/www.czechspaceweek.com\/en\/photo-gallery-czech-space-week\/2022-11-28-ci-space2business-finals-273-2\/'><img loading=\"lazy\" decoding=\"async\" width=\"150\" height=\"150\" src=\"https:\/\/www.czechspaceweek.com\/wp-content\/uploads\/2022\/12\/2022-11-28-CI-Space2Business-FINALS-273-150x150.jpg\" class=\"attachment-thumbnail size-thumbnail\" alt=\"\" srcset=\"https:\/\/www.czechspaceweek.com\/wp-content\/uploads\/2022\/12\/2022-11-28-CI-Space2Business-FINALS-273-150x150.jpg 150w, https:\/\/www.czechspaceweek.com\/wp-content\/uploads\/2022\/12\/2022-11-28-CI-Space2Business-FINALS-273-300x300.jpg 300w\" sizes=\"(max-width: 150px) 100vw, 150px\" \/><\/a>\n\t\t\t\t<\/dt><\/dl><dl class='gallery-item'>\n\t\t\t\t<dt class='gallery-icon landscape'>\n\t\t\t\t\t<a class=\"rollover\" href='https:\/\/www.czechspaceweek.com\/en\/photo-gallery-czech-space-week\/2022-11-28-ci-space2business-finals-239-2\/'><img loading=\"lazy\" decoding=\"async\" width=\"150\" height=\"150\" src=\"https:\/\/www.czechspaceweek.com\/wp-content\/uploads\/2022\/12\/2022-11-28-CI-Space2Business-FINALS-239-150x150.jpg\" class=\"attachment-thumbnail size-thumbnail\" alt=\"\" srcset=\"https:\/\/www.czechspaceweek.com\/wp-content\/uploads\/2022\/12\/2022-11-28-CI-Space2Business-FINALS-239-150x150.jpg 150w, https:\/\/www.czechspaceweek.com\/wp-content\/uploads\/2022\/12\/2022-11-28-CI-Space2Business-FINALS-239-300x300.jpg 300w\" sizes=\"(max-width: 150px) 100vw, 150px\" \/><\/a>\n\t\t\t\t<\/dt><\/dl><dl class='gallery-item'>\n\t\t\t\t<dt class='gallery-icon landscape'>\n\t\t\t\t\t<a class=\"rollover\" href='https:\/\/www.czechspaceweek.com\/en\/photo-gallery-czech-space-week\/2022-11-28-ci-space2business-finals-203-2\/'><img loading=\"lazy\" decoding=\"async\" width=\"150\" height=\"150\" src=\"https:\/\/www.czechspaceweek.com\/wp-content\/uploads\/2022\/12\/2022-11-28-CI-Space2Business-FINALS-203-150x150.jpg\" class=\"attachment-thumbnail size-thumbnail\" alt=\"\" srcset=\"https:\/\/www.czechspaceweek.com\/wp-content\/uploads\/2022\/12\/2022-11-28-CI-Space2Business-FINALS-203-150x150.jpg 150w, https:\/\/www.czechspaceweek.com\/wp-content\/uploads\/2022\/12\/2022-11-28-CI-Space2Business-FINALS-203-300x300.jpg 300w\" sizes=\"(max-width: 150px) 100vw, 150px\" \/><\/a>\n\t\t\t\t<\/dt><\/dl><br style=\"clear: both\" \/><dl class='gallery-item'>\n\t\t\t\t<dt class='gallery-icon landscape'>\n\t\t\t\t\t<a class=\"rollover\" href='https:\/\/www.czechspaceweek.com\/en\/photo-gallery-czech-space-week\/2022-11-28-ci-space2business-finals-205-2\/'><img loading=\"lazy\" decoding=\"async\" width=\"150\" height=\"150\" src=\"https:\/\/www.czechspaceweek.com\/wp-content\/uploads\/2022\/12\/2022-11-28-CI-Space2Business-FINALS-205-150x150.jpg\" class=\"attachment-thumbnail size-thumbnail\" alt=\"\" srcset=\"https:\/\/www.czechspaceweek.com\/wp-content\/uploads\/2022\/12\/2022-11-28-CI-Space2Business-FINALS-205-150x150.jpg 150w, https:\/\/www.czechspaceweek.com\/wp-content\/uploads\/2022\/12\/2022-11-28-CI-Space2Business-FINALS-205-300x300.jpg 300w\" sizes=\"(max-width: 150px) 100vw, 150px\" \/><\/a>\n\t\t\t\t<\/dt><\/dl><dl class='gallery-item'>\n\t\t\t\t<dt class='gallery-icon landscape'>\n\t\t\t\t\t<a class=\"rollover\" href='https:\/\/www.czechspaceweek.com\/en\/photo-gallery-czech-space-week\/2022-11-28-ci-space2business-finals-161-2\/'><img loading=\"lazy\" decoding=\"async\" width=\"150\" height=\"150\" src=\"https:\/\/www.czechspaceweek.com\/wp-content\/uploads\/2022\/12\/2022-11-28-CI-Space2Business-FINALS-161-150x150.jpg\" class=\"attachment-thumbnail size-thumbnail\" alt=\"\" srcset=\"https:\/\/www.czechspaceweek.com\/wp-content\/uploads\/2022\/12\/2022-11-28-CI-Space2Business-FINALS-161-150x150.jpg 150w, https:\/\/www.czechspaceweek.com\/wp-content\/uploads\/2022\/12\/2022-11-28-CI-Space2Business-FINALS-161-300x300.jpg 300w\" sizes=\"(max-width: 150px) 100vw, 150px\" \/><\/a>\n\t\t\t\t<\/dt><\/dl><dl class='gallery-item'>\n\t\t\t\t<dt class='gallery-icon landscape'>\n\t\t\t\t\t<a class=\"rollover\" href='https:\/\/www.czechspaceweek.com\/en\/photo-gallery-czech-space-week\/2022-11-28-ci-space2business-finals-136-2\/'><img loading=\"lazy\" decoding=\"async\" width=\"150\" height=\"150\" src=\"https:\/\/www.czechspaceweek.com\/wp-content\/uploads\/2022\/12\/2022-11-28-CI-Space2Business-FINALS-136-150x150.jpg\" class=\"attachment-thumbnail size-thumbnail\" alt=\"\" srcset=\"https:\/\/www.czechspaceweek.com\/wp-content\/uploads\/2022\/12\/2022-11-28-CI-Space2Business-FINALS-136-150x150.jpg 150w, https:\/\/www.czechspaceweek.com\/wp-content\/uploads\/2022\/12\/2022-11-28-CI-Space2Business-FINALS-136-300x300.jpg 300w\" sizes=\"(max-width: 150px) 100vw, 150px\" \/><\/a>\n\t\t\t\t<\/dt><\/dl><dl class='gallery-item'>\n\t\t\t\t<dt class='gallery-icon landscape'>\n\t\t\t\t\t<a class=\"rollover\" href='https:\/\/www.czechspaceweek.com\/en\/photo-gallery-czech-space-week\/2022-11-28-ci-space2business-finals-117-2\/'><img loading=\"lazy\" decoding=\"async\" width=\"150\" height=\"150\" src=\"https:\/\/www.czechspaceweek.com\/wp-content\/uploads\/2022\/12\/2022-11-28-CI-Space2Business-FINALS-117-150x150.jpg\" class=\"attachment-thumbnail size-thumbnail\" alt=\"\" srcset=\"https:\/\/www.czechspaceweek.com\/wp-content\/uploads\/2022\/12\/2022-11-28-CI-Space2Business-FINALS-117-150x150.jpg 150w, https:\/\/www.czechspaceweek.com\/wp-content\/uploads\/2022\/12\/2022-11-28-CI-Space2Business-FINALS-117-300x300.jpg 300w\" sizes=\"(max-width: 150px) 100vw, 150px\" \/><\/a>\n\t\t\t\t<\/dt><\/dl><dl class='gallery-item'>\n\t\t\t\t<dt class='gallery-icon landscape'>\n\t\t\t\t\t<a class=\"rollover\" href='https:\/\/www.czechspaceweek.com\/en\/photo-gallery-czech-space-week\/2022-11-28-ci-space2business-finals-98-2\/'><img loading=\"lazy\" decoding=\"async\" width=\"150\" height=\"150\" src=\"https:\/\/www.czechspaceweek.com\/wp-content\/uploads\/2022\/12\/2022-11-28-CI-Space2Business-FINALS-98-150x150.jpg\" class=\"attachment-thumbnail size-thumbnail\" alt=\"\" srcset=\"https:\/\/www.czechspaceweek.com\/wp-content\/uploads\/2022\/12\/2022-11-28-CI-Space2Business-FINALS-98-150x150.jpg 150w, https:\/\/www.czechspaceweek.com\/wp-content\/uploads\/2022\/12\/2022-11-28-CI-Space2Business-FINALS-98-300x300.jpg 300w\" sizes=\"(max-width: 150px) 100vw, 150px\" \/><\/a>\n\t\t\t\t<\/dt><\/dl><br style=\"clear: both\" \/><dl class='gallery-item'>\n\t\t\t\t<dt class='gallery-icon landscape'>\n\t\t\t\t\t<a class=\"rollover\" href='https:\/\/www.czechspaceweek.com\/en\/photo-gallery-czech-space-week\/2022-11-28-ci-space2business-finals-92-2\/'><img loading=\"lazy\" decoding=\"async\" width=\"150\" height=\"150\" src=\"https:\/\/www.czechspaceweek.com\/wp-content\/uploads\/2022\/12\/2022-11-28-CI-Space2Business-FINALS-92-150x150.jpg\" class=\"attachment-thumbnail size-thumbnail\" alt=\"\" srcset=\"https:\/\/www.czechspaceweek.com\/wp-content\/uploads\/2022\/12\/2022-11-28-CI-Space2Business-FINALS-92-150x150.jpg 150w, https:\/\/www.czechspaceweek.com\/wp-content\/uploads\/2022\/12\/2022-11-28-CI-Space2Business-FINALS-92-300x300.jpg 300w\" sizes=\"(max-width: 150px) 100vw, 150px\" \/><\/a>\n\t\t\t\t<\/dt><\/dl><dl class='gallery-item'>\n\t\t\t\t<dt class='gallery-icon landscape'>\n\t\t\t\t\t<a class=\"rollover\" href='https:\/\/www.czechspaceweek.com\/en\/photo-gallery-czech-space-week\/2022-11-28-ci-space2business-finals-70-2\/'><img loading=\"lazy\" decoding=\"async\" width=\"150\" height=\"150\" src=\"https:\/\/www.czechspaceweek.com\/wp-content\/uploads\/2022\/12\/2022-11-28-CI-Space2Business-FINALS-70-150x150.jpg\" class=\"attachment-thumbnail size-thumbnail\" alt=\"\" srcset=\"https:\/\/www.czechspaceweek.com\/wp-content\/uploads\/2022\/12\/2022-11-28-CI-Space2Business-FINALS-70-150x150.jpg 150w, https:\/\/www.czechspaceweek.com\/wp-content\/uploads\/2022\/12\/2022-11-28-CI-Space2Business-FINALS-70-300x300.jpg 300w\" sizes=\"(max-width: 150px) 100vw, 150px\" \/><\/a>\n\t\t\t\t<\/dt><\/dl><dl class='gallery-item'>\n\t\t\t\t<dt class='gallery-icon landscape'>\n\t\t\t\t\t<a class=\"rollover\" href='https:\/\/www.czechspaceweek.com\/en\/photo-gallery-czech-space-week\/2022-11-28-ci-space2business-finals-61-2\/'><img loading=\"lazy\" decoding=\"async\" width=\"150\" height=\"150\" src=\"https:\/\/www.czechspaceweek.com\/wp-content\/uploads\/2022\/12\/2022-11-28-CI-Space2Business-FINALS-61-150x150.jpg\" class=\"attachment-thumbnail size-thumbnail\" alt=\"\" srcset=\"https:\/\/www.czechspaceweek.com\/wp-content\/uploads\/2022\/12\/2022-11-28-CI-Space2Business-FINALS-61-150x150.jpg 150w, https:\/\/www.czechspaceweek.com\/wp-content\/uploads\/2022\/12\/2022-11-28-CI-Space2Business-FINALS-61-300x300.jpg 300w\" sizes=\"(max-width: 150px) 100vw, 150px\" \/><\/a>\n\t\t\t\t<\/dt><\/dl><dl class='gallery-item'>\n\t\t\t\t<dt class='gallery-icon landscape'>\n\t\t\t\t\t<a class=\"rollover\" href='https:\/\/www.czechspaceweek.com\/en\/photo-gallery-czech-space-week\/2022-11-28-ci-space2business-finals-53-2\/'><img loading=\"lazy\" decoding=\"async\" width=\"150\" height=\"150\" src=\"https:\/\/www.czechspaceweek.com\/wp-content\/uploads\/2022\/12\/2022-11-28-CI-Space2Business-FINALS-53-150x150.jpg\" class=\"attachment-thumbnail size-thumbnail\" alt=\"\" srcset=\"https:\/\/www.czechspaceweek.com\/wp-content\/uploads\/2022\/12\/2022-11-28-CI-Space2Business-FINALS-53-150x150.jpg 150w, https:\/\/www.czechspaceweek.com\/wp-content\/uploads\/2022\/12\/2022-11-28-CI-Space2Business-FINALS-53-300x300.jpg 300w\" sizes=\"(max-width: 150px) 100vw, 150px\" \/><\/a>\n\t\t\t\t<\/dt><\/dl><dl class='gallery-item'>\n\t\t\t\t<dt class='gallery-icon landscape'>\n\t\t\t\t\t<a class=\"rollover\" href='https:\/\/www.czechspaceweek.com\/en\/photo-gallery-czech-space-week\/2022-11-28-ci-space2business-finals-45-2\/'><img loading=\"lazy\" decoding=\"async\" width=\"150\" height=\"150\" src=\"https:\/\/www.czechspaceweek.com\/wp-content\/uploads\/2022\/12\/2022-11-28-CI-Space2Business-FINALS-45-150x150.jpg\" class=\"attachment-thumbnail size-thumbnail\" alt=\"\" srcset=\"https:\/\/www.czechspaceweek.com\/wp-content\/uploads\/2022\/12\/2022-11-28-CI-Space2Business-FINALS-45-150x150.jpg 150w, https:\/\/www.czechspaceweek.com\/wp-content\/uploads\/2022\/12\/2022-11-28-CI-Space2Business-FINALS-45-300x300.jpg 300w\" sizes=\"(max-width: 150px) 100vw, 150px\" \/><\/a>\n\t\t\t\t<\/dt><\/dl><br style=\"clear: both\" \/><dl class='gallery-item'>\n\t\t\t\t<dt class='gallery-icon landscape'>\n\t\t\t\t\t<a class=\"rollover\" href='https:\/\/www.czechspaceweek.com\/en\/photo-gallery-czech-space-week\/2022-11-28-ci-space2business-finals-34-2\/'><img loading=\"lazy\" decoding=\"async\" width=\"150\" height=\"150\" src=\"https:\/\/www.czechspaceweek.com\/wp-content\/uploads\/2022\/12\/2022-11-28-CI-Space2Business-FINALS-34-150x150.jpg\" class=\"attachment-thumbnail size-thumbnail\" alt=\"\" srcset=\"https:\/\/www.czechspaceweek.com\/wp-content\/uploads\/2022\/12\/2022-11-28-CI-Space2Business-FINALS-34-150x150.jpg 150w, https:\/\/www.czechspaceweek.com\/wp-content\/uploads\/2022\/12\/2022-11-28-CI-Space2Business-FINALS-34-300x300.jpg 300w\" sizes=\"(max-width: 150px) 100vw, 150px\" \/><\/a>\n\t\t\t\t<\/dt><\/dl><dl class='gallery-item'>\n\t\t\t\t<dt class='gallery-icon landscape'>\n\t\t\t\t\t<a class=\"rollover\" href='https:\/\/www.czechspaceweek.com\/en\/photo-gallery-czech-space-week\/2022-11-28-ci-space2business-finals-25-2\/'><img loading=\"lazy\" decoding=\"async\" width=\"150\" height=\"150\" src=\"https:\/\/www.czechspaceweek.com\/wp-content\/uploads\/2022\/12\/2022-11-28-CI-Space2Business-FINALS-25-150x150.jpg\" class=\"attachment-thumbnail size-thumbnail\" alt=\"\" srcset=\"https:\/\/www.czechspaceweek.com\/wp-content\/uploads\/2022\/12\/2022-11-28-CI-Space2Business-FINALS-25-150x150.jpg 150w, https:\/\/www.czechspaceweek.com\/wp-content\/uploads\/2022\/12\/2022-11-28-CI-Space2Business-FINALS-25-300x300.jpg 300w\" sizes=\"(max-width: 150px) 100vw, 150px\" \/><\/a>\n\t\t\t\t<\/dt><\/dl><dl class='gallery-item'>\n\t\t\t\t<dt class='gallery-icon landscape'>\n\t\t\t\t\t<a class=\"rollover\" href='https:\/\/www.czechspaceweek.com\/en\/photo-gallery-czech-space-week\/2022-11-28-ci-space2business-finals-11-2\/'><img loading=\"lazy\" decoding=\"async\" width=\"150\" height=\"150\" src=\"https:\/\/www.czechspaceweek.com\/wp-content\/uploads\/2022\/12\/2022-11-28-CI-Space2Business-FINALS-11-150x150.jpg\" class=\"attachment-thumbnail size-thumbnail\" alt=\"\" srcset=\"https:\/\/www.czechspaceweek.com\/wp-content\/uploads\/2022\/12\/2022-11-28-CI-Space2Business-FINALS-11-150x150.jpg 150w, https:\/\/www.czechspaceweek.com\/wp-content\/uploads\/2022\/12\/2022-11-28-CI-Space2Business-FINALS-11-300x300.jpg 300w\" sizes=\"(max-width: 150px) 100vw, 150px\" \/><\/a>\n\t\t\t\t<\/dt><\/dl><dl class='gallery-item'>\n\t\t\t\t<dt class='gallery-icon landscape'>\n\t\t\t\t\t<a class=\"rollover\" href='https:\/\/www.czechspaceweek.com\/en\/photo-gallery-czech-space-week\/2022-11-28-ci-space2business-finals-16-2\/'><img loading=\"lazy\" decoding=\"async\" width=\"150\" height=\"150\" src=\"https:\/\/www.czechspaceweek.com\/wp-content\/uploads\/2022\/12\/2022-11-28-CI-Space2Business-FINALS-16-150x150.jpg\" class=\"attachment-thumbnail size-thumbnail\" alt=\"\" srcset=\"https:\/\/www.czechspaceweek.com\/wp-content\/uploads\/2022\/12\/2022-11-28-CI-Space2Business-FINALS-16-150x150.jpg 150w, https:\/\/www.czechspaceweek.com\/wp-content\/uploads\/2022\/12\/2022-11-28-CI-Space2Business-FINALS-16-300x300.jpg 300w\" sizes=\"(max-width: 150px) 100vw, 150px\" \/><\/a>\n\t\t\t\t<\/dt><\/dl>\n\t\t\t\t<br style='clear: both' \/>\n\t\t\t<\/div>\n\n","protected":false},"excerpt":{"rendered":"","protected":false},"author":5,"featured_media":86898,"comment_status":"closed","ping_status":"closed","sticky":false,"template":"","format":"standard","meta":{"footnotes":""},"categories":[276],"tags":[],"class_list":["post-87375","post","type-post","status-publish","format-standard","has-post-thumbnail","hentry","category-czech-space-week-en","category-276","description-off"],"yoast_head":"<!-- This site is optimized with the Yoast SEO plugin v27.4 - https:\/\/yoast.com\/product\/yoast-seo-wordpress\/ -->\n<title>Photo Gallery Czech Space Week - Czech Space Week<\/title>\n<meta name=\"robots\" content=\"index, follow, max-snippet:-1, max-image-preview:large, max-video-preview:-1\" \/>\n<link rel=\"canonical\" href=\"https:\/\/www.czechspaceweek.com\/en\/photo-gallery-czech-space-week\/\" \/>\n<meta property=\"og:locale\" content=\"en_US\" \/>\n<meta property=\"og:type\" content=\"article\" \/>\n<meta property=\"og:title\" content=\"Photo Gallery Czech Space Week - Czech Space Week\" \/>\n<meta property=\"og:url\" content=\"https:\/\/www.czechspaceweek.com\/en\/photo-gallery-czech-space-week\/\" \/>\n<meta property=\"og:site_name\" content=\"Czech Space Week\" \/>\n<meta property=\"article:published_time\" content=\"2022-12-08T23:22:03+00:00\" \/>\n<meta property=\"og:image\" content=\"https:\/\/www.czechspaceweek.com\/wp-content\/uploads\/2022\/12\/IMG-3370-scaled.jpg\" \/>\n\t<meta property=\"og:image:width\" content=\"2560\" \/>\n\t<meta property=\"og:image:height\" content=\"1920\" \/>\n\t<meta property=\"og:image:type\" content=\"image\/jpeg\" \/>\n<meta name=\"author\" content=\"Redakce\" \/>\n<meta name=\"twitter:card\" content=\"summary_large_image\" \/>\n<meta name=\"twitter:label1\" content=\"Written by\" \/>\n\t<meta name=\"twitter:data1\" content=\"Redakce\" \/>\n<script type=\"application\/ld+json\" class=\"yoast-schema-graph\">{\"@context\":\"https:\\\/\\\/schema.org\",\"@graph\":[{\"@type\":\"Article\",\"@id\":\"https:\\\/\\\/www.czechspaceweek.com\\\/en\\\/photo-gallery-czech-space-week\\\/#article\",\"isPartOf\":{\"@id\":\"https:\\\/\\\/www.czechspaceweek.com\\\/en\\\/photo-gallery-czech-space-week\\\/\"},\"author\":{\"name\":\"Redakce\",\"@id\":\"https:\\\/\\\/www.czechspaceweek.com\\\/#\\\/schema\\\/person\\\/8af9154705964d9030f70a5d774b8b8b\"},\"headline\":\"Photo Gallery Czech Space Week\",\"datePublished\":\"2022-12-08T23:22:03+00:00\",\"mainEntityOfPage\":{\"@id\":\"https:\\\/\\\/www.czechspaceweek.com\\\/en\\\/photo-gallery-czech-space-week\\\/\"},\"wordCount\":8,\"publisher\":{\"@id\":\"https:\\\/\\\/www.czechspaceweek.com\\\/#organization\"},\"image\":{\"@id\":\"https:\\\/\\\/www.czechspaceweek.com\\\/en\\\/photo-gallery-czech-space-week\\\/#primaryimage\"},\"thumbnailUrl\":\"https:\\\/\\\/www.czechspaceweek.com\\\/wp-content\\\/uploads\\\/2022\\\/12\\\/IMG-3370-scaled.jpg\",\"articleSection\":[\"Czech Space Week\"],\"inLanguage\":\"en-US\"},{\"@type\":\"WebPage\",\"@id\":\"https:\\\/\\\/www.czechspaceweek.com\\\/en\\\/photo-gallery-czech-space-week\\\/\",\"url\":\"https:\\\/\\\/www.czechspaceweek.com\\\/en\\\/photo-gallery-czech-space-week\\\/\",\"name\":\"Photo Gallery Czech Space Week - Czech Space Week\",\"isPartOf\":{\"@id\":\"https:\\\/\\\/www.czechspaceweek.com\\\/#website\"},\"primaryImageOfPage\":{\"@id\":\"https:\\\/\\\/www.czechspaceweek.com\\\/en\\\/photo-gallery-czech-space-week\\\/#primaryimage\"},\"image\":{\"@id\":\"https:\\\/\\\/www.czechspaceweek.com\\\/en\\\/photo-gallery-czech-space-week\\\/#primaryimage\"},\"thumbnailUrl\":\"https:\\\/\\\/www.czechspaceweek.com\\\/wp-content\\\/uploads\\\/2022\\\/12\\\/IMG-3370-scaled.jpg\",\"datePublished\":\"2022-12-08T23:22:03+00:00\",\"breadcrumb\":{\"@id\":\"https:\\\/\\\/www.czechspaceweek.com\\\/en\\\/photo-gallery-czech-space-week\\\/#breadcrumb\"},\"inLanguage\":\"en-US\",\"potentialAction\":[{\"@type\":\"ReadAction\",\"target\":[\"https:\\\/\\\/www.czechspaceweek.com\\\/en\\\/photo-gallery-czech-space-week\\\/\"]}]},{\"@type\":\"ImageObject\",\"inLanguage\":\"en-US\",\"@id\":\"https:\\\/\\\/www.czechspaceweek.com\\\/en\\\/photo-gallery-czech-space-week\\\/#primaryimage\",\"url\":\"https:\\\/\\\/www.czechspaceweek.com\\\/wp-content\\\/uploads\\\/2022\\\/12\\\/IMG-3370-scaled.jpg\",\"contentUrl\":\"https:\\\/\\\/www.czechspaceweek.com\\\/wp-content\\\/uploads\\\/2022\\\/12\\\/IMG-3370-scaled.jpg\",\"width\":2560,\"height\":1920},{\"@type\":\"BreadcrumbList\",\"@id\":\"https:\\\/\\\/www.czechspaceweek.com\\\/en\\\/photo-gallery-czech-space-week\\\/#breadcrumb\",\"itemListElement\":[{\"@type\":\"ListItem\",\"position\":1,\"name\":\"Dom\u016f\",\"item\":\"https:\\\/\\\/www.czechspaceweek.com\\\/en\\\/\"},{\"@type\":\"ListItem\",\"position\":2,\"name\":\"Photo Gallery Czech Space Week\"}]},{\"@type\":\"WebSite\",\"@id\":\"https:\\\/\\\/www.czechspaceweek.com\\\/#website\",\"url\":\"https:\\\/\\\/www.czechspaceweek.com\\\/\",\"name\":\"Czech Space Week\",\"description\":\"Czech Space Week p\u0159ipravuje Agentura CzechInvest a Ministerstvo dopravy \u010cR. Jedn\u00e1 se o nejv\u011bt\u0161\u00ed akci zam\u011b\u0159enou na kosmick\u00e9 aktivity v \u010cesku.\",\"publisher\":{\"@id\":\"https:\\\/\\\/www.czechspaceweek.com\\\/#organization\"},\"potentialAction\":[{\"@type\":\"SearchAction\",\"target\":{\"@type\":\"EntryPoint\",\"urlTemplate\":\"https:\\\/\\\/www.czechspaceweek.com\\\/?s={search_term_string}\"},\"query-input\":{\"@type\":\"PropertyValueSpecification\",\"valueRequired\":true,\"valueName\":\"search_term_string\"}}],\"inLanguage\":\"en-US\"},{\"@type\":\"Organization\",\"@id\":\"https:\\\/\\\/www.czechspaceweek.com\\\/#organization\",\"name\":\"Czech Space Week\",\"url\":\"https:\\\/\\\/www.czechspaceweek.com\\\/\",\"logo\":{\"@type\":\"ImageObject\",\"inLanguage\":\"en-US\",\"@id\":\"https:\\\/\\\/www.czechspaceweek.com\\\/#\\\/schema\\\/logo\\\/image\\\/\",\"url\":\"https:\\\/\\\/www.czechspaceweek.com\\\/wp-content\\\/uploads\\\/2024\\\/05\\\/CzechSpaceWeek-logo-548px.png\",\"contentUrl\":\"https:\\\/\\\/www.czechspaceweek.com\\\/wp-content\\\/uploads\\\/2024\\\/05\\\/CzechSpaceWeek-logo-548px.png\",\"width\":548,\"height\":548,\"caption\":\"Czech Space Week\"},\"image\":{\"@id\":\"https:\\\/\\\/www.czechspaceweek.com\\\/#\\\/schema\\\/logo\\\/image\\\/\"}},{\"@type\":\"Person\",\"@id\":\"https:\\\/\\\/www.czechspaceweek.com\\\/#\\\/schema\\\/person\\\/8af9154705964d9030f70a5d774b8b8b\",\"name\":\"Redakce\",\"url\":\"https:\\\/\\\/www.czechspaceweek.com\\\/en\\\/author\\\/michael-sidoinsightpr-cz\\\/\"}]}<\/script>\n<!-- \/ Yoast SEO plugin. -->","yoast_head_json":{"title":"Photo Gallery Czech Space Week - Czech Space Week","robots":{"index":"index","follow":"follow","max-snippet":"max-snippet:-1","max-image-preview":"max-image-preview:large","max-video-preview":"max-video-preview:-1"},"canonical":"https:\/\/www.czechspaceweek.com\/en\/photo-gallery-czech-space-week\/","og_locale":"en_US","og_type":"article","og_title":"Photo Gallery Czech Space Week - Czech Space Week","og_url":"https:\/\/www.czechspaceweek.com\/en\/photo-gallery-czech-space-week\/","og_site_name":"Czech Space Week","article_published_time":"2022-12-08T23:22:03+00:00","og_image":[{"width":2560,"height":1920,"url":"https:\/\/www.czechspaceweek.com\/wp-content\/uploads\/2022\/12\/IMG-3370-scaled.jpg","type":"image\/jpeg"}],"author":"Redakce","twitter_card":"summary_large_image","twitter_misc":{"Written by":"Redakce"},"schema":{"@context":"https:\/\/schema.org","@graph":[{"@type":"Article","@id":"https:\/\/www.czechspaceweek.com\/en\/photo-gallery-czech-space-week\/#article","isPartOf":{"@id":"https:\/\/www.czechspaceweek.com\/en\/photo-gallery-czech-space-week\/"},"author":{"name":"Redakce","@id":"https:\/\/www.czechspaceweek.com\/#\/schema\/person\/8af9154705964d9030f70a5d774b8b8b"},"headline":"Photo Gallery Czech Space Week","datePublished":"2022-12-08T23:22:03+00:00","mainEntityOfPage":{"@id":"https:\/\/www.czechspaceweek.com\/en\/photo-gallery-czech-space-week\/"},"wordCount":8,"publisher":{"@id":"https:\/\/www.czechspaceweek.com\/#organization"},"image":{"@id":"https:\/\/www.czechspaceweek.com\/en\/photo-gallery-czech-space-week\/#primaryimage"},"thumbnailUrl":"https:\/\/www.czechspaceweek.com\/wp-content\/uploads\/2022\/12\/IMG-3370-scaled.jpg","articleSection":["Czech Space Week"],"inLanguage":"en-US"},{"@type":"WebPage","@id":"https:\/\/www.czechspaceweek.com\/en\/photo-gallery-czech-space-week\/","url":"https:\/\/www.czechspaceweek.com\/en\/photo-gallery-czech-space-week\/","name":"Photo Gallery Czech Space Week - Czech Space Week","isPartOf":{"@id":"https:\/\/www.czechspaceweek.com\/#website"},"primaryImageOfPage":{"@id":"https:\/\/www.czechspaceweek.com\/en\/photo-gallery-czech-space-week\/#primaryimage"},"image":{"@id":"https:\/\/www.czechspaceweek.com\/en\/photo-gallery-czech-space-week\/#primaryimage"},"thumbnailUrl":"https:\/\/www.czechspaceweek.com\/wp-content\/uploads\/2022\/12\/IMG-3370-scaled.jpg","datePublished":"2022-12-08T23:22:03+00:00","breadcrumb":{"@id":"https:\/\/www.czechspaceweek.com\/en\/photo-gallery-czech-space-week\/#breadcrumb"},"inLanguage":"en-US","potentialAction":[{"@type":"ReadAction","target":["https:\/\/www.czechspaceweek.com\/en\/photo-gallery-czech-space-week\/"]}]},{"@type":"ImageObject","inLanguage":"en-US","@id":"https:\/\/www.czechspaceweek.com\/en\/photo-gallery-czech-space-week\/#primaryimage","url":"https:\/\/www.czechspaceweek.com\/wp-content\/uploads\/2022\/12\/IMG-3370-scaled.jpg","contentUrl":"https:\/\/www.czechspaceweek.com\/wp-content\/uploads\/2022\/12\/IMG-3370-scaled.jpg","width":2560,"height":1920},{"@type":"BreadcrumbList","@id":"https:\/\/www.czechspaceweek.com\/en\/photo-gallery-czech-space-week\/#breadcrumb","itemListElement":[{"@type":"ListItem","position":1,"name":"Dom\u016f","item":"https:\/\/www.czechspaceweek.com\/en\/"},{"@type":"ListItem","position":2,"name":"Photo Gallery Czech Space Week"}]},{"@type":"WebSite","@id":"https:\/\/www.czechspaceweek.com\/#website","url":"https:\/\/www.czechspaceweek.com\/","name":"Czech Space Week","description":"Czech Space Week p\u0159ipravuje Agentura CzechInvest a Ministerstvo dopravy \u010cR. Jedn\u00e1 se o nejv\u011bt\u0161\u00ed akci zam\u011b\u0159enou na kosmick\u00e9 aktivity v \u010cesku.","publisher":{"@id":"https:\/\/www.czechspaceweek.com\/#organization"},"potentialAction":[{"@type":"SearchAction","target":{"@type":"EntryPoint","urlTemplate":"https:\/\/www.czechspaceweek.com\/?s={search_term_string}"},"query-input":{"@type":"PropertyValueSpecification","valueRequired":true,"valueName":"search_term_string"}}],"inLanguage":"en-US"},{"@type":"Organization","@id":"https:\/\/www.czechspaceweek.com\/#organization","name":"Czech Space Week","url":"https:\/\/www.czechspaceweek.com\/","logo":{"@type":"ImageObject","inLanguage":"en-US","@id":"https:\/\/www.czechspaceweek.com\/#\/schema\/logo\/image\/","url":"https:\/\/www.czechspaceweek.com\/wp-content\/uploads\/2024\/05\/CzechSpaceWeek-logo-548px.png","contentUrl":"https:\/\/www.czechspaceweek.com\/wp-content\/uploads\/2024\/05\/CzechSpaceWeek-logo-548px.png","width":548,"height":548,"caption":"Czech Space Week"},"image":{"@id":"https:\/\/www.czechspaceweek.com\/#\/schema\/logo\/image\/"}},{"@type":"Person","@id":"https:\/\/www.czechspaceweek.com\/#\/schema\/person\/8af9154705964d9030f70a5d774b8b8b","name":"Redakce","url":"https:\/\/www.czechspaceweek.com\/en\/author\/michael-sidoinsightpr-cz\/"}]}},"_links":{"self":[{"href":"https:\/\/www.czechspaceweek.com\/en\/wp-json\/wp\/v2\/posts\/87375","targetHints":{"allow":["GET"]}}],"collection":[{"href":"https:\/\/www.czechspaceweek.com\/en\/wp-json\/wp\/v2\/posts"}],"about":[{"href":"https:\/\/www.czechspaceweek.com\/en\/wp-json\/wp\/v2\/types\/post"}],"author":[{"embeddable":true,"href":"https:\/\/www.czechspaceweek.com\/en\/wp-json\/wp\/v2\/users\/5"}],"replies":[{"embeddable":true,"href":"https:\/\/www.czechspaceweek.com\/en\/wp-json\/wp\/v2\/comments?post=87375"}],"version-history":[{"count":0,"href":"https:\/\/www.czechspaceweek.com\/en\/wp-json\/wp\/v2\/posts\/87375\/revisions"}],"wp:featuredmedia":[{"embeddable":true,"href":"https:\/\/www.czechspaceweek.com\/en\/wp-json\/wp\/v2\/media\/86898"}],"wp:attachment":[{"href":"https:\/\/www.czechspaceweek.com\/en\/wp-json\/wp\/v2\/media?parent=87375"}],"wp:term":[{"taxonomy":"category","embeddable":true,"href":"https:\/\/www.czechspaceweek.com\/en\/wp-json\/wp\/v2\/categories?post=87375"},{"taxonomy":"post_tag","embeddable":true,"href":"https:\/\/www.czechspaceweek.com\/en\/wp-json\/wp\/v2\/tags?post=87375"}],"curies":[{"name":"wp","href":"https:\/\/api.w.org\/{rel}","templated":true}]}}