{"id":87373,"date":"2022-12-18T22:52:38","date_gmt":"2022-12-18T21:52:38","guid":{"rendered":"http:\/\/www.czechspaceweek.com.uvirt135.active24.cz\/czech-space-news-podcast-22-petr-kapoun\/"},"modified":"2022-12-18T22:52:38","modified_gmt":"2022-12-18T21:52:38","slug":"czech-space-news-podcast-22-petr-kapoun","status":"publish","type":"post","link":"https:\/\/www.czechspaceweek.com\/en\/czech-space-news-podcast-22-petr-kapoun\/","title":{"rendered":"Czech Space News podcast #22 &#8211; Petr Kapoun"},"content":{"rendered":"<p>A mission to the Moon by the end of the decade, the largest Czech commercial satellite within two years or the production of custom-made satellites for African countries. These are not the only plans of the Czech space company TRL Space and its boss Petr Kapoun.<\/p>\n<p>&nbsp;<\/p>\n<p><iframe title=\"Czech Space News podcast #22 \u2013\u2060 Petr Kapoun\" width=\"1200\" height=\"675\" src=\"https:\/\/www.youtube.com\/embed\/KzQDEfZJTWM?feature=oembed\" frameborder=\"0\" allow=\"accelerometer; autoplay; clipboard-write; encrypted-media; gyroscope; picture-in-picture; web-share\" allowfullscreen><\/iframe><\/p>\n","protected":false},"excerpt":{"rendered":"<p>A mission to the Moon by the end of the decade, the largest Czech commercial satellite within two years or the production of custom-made satellites for African countries. These are not the only plans of the Czech space company TRL Space and its boss Petr Kapoun. &nbsp;<\/p>\n","protected":false},"author":5,"featured_media":86899,"comment_status":"closed","ping_status":"closed","sticky":false,"template":"","format":"standard","meta":{"footnotes":""},"categories":[280],"tags":[],"class_list":["post-87373","post","type-post","status-publish","format-standard","has-post-thumbnail","hentry","category-podcasts","category-280","description-off"],"yoast_head":"<!-- This site is optimized with the Yoast SEO plugin v27.4 - https:\/\/yoast.com\/product\/yoast-seo-wordpress\/ -->\n<title>Czech Space News podcast #22 - Petr Kapoun - Czech Space Week<\/title>\n<meta name=\"robots\" content=\"index, follow, max-snippet:-1, max-image-preview:large, max-video-preview:-1\" \/>\n<link rel=\"canonical\" href=\"https:\/\/www.czechspaceweek.com\/en\/czech-space-news-podcast-22-petr-kapoun\/\" \/>\n<meta property=\"og:locale\" content=\"en_US\" \/>\n<meta property=\"og:type\" content=\"article\" \/>\n<meta property=\"og:title\" content=\"Czech Space News podcast #22 - Petr Kapoun - Czech Space Week\" \/>\n<meta property=\"og:description\" content=\"A mission to the Moon by the end of the decade, the largest Czech commercial satellite within two years or the production of custom-made satellites for African countries. These are not the only plans of the Czech space company TRL Space and its boss Petr Kapoun. &nbsp;\" \/>\n<meta property=\"og:url\" content=\"https:\/\/www.czechspaceweek.com\/en\/czech-space-news-podcast-22-petr-kapoun\/\" \/>\n<meta property=\"og:site_name\" content=\"Czech Space Week\" \/>\n<meta property=\"article:published_time\" content=\"2022-12-18T21:52:38+00:00\" \/>\n<meta property=\"og:image\" content=\"https:\/\/www.czechspaceweek.com\/wp-content\/uploads\/2022\/12\/CSN_kapoun.jpg\" \/>\n\t<meta property=\"og:image:width\" content=\"1280\" \/>\n\t<meta property=\"og:image:height\" content=\"720\" \/>\n\t<meta property=\"og:image:type\" content=\"image\/jpeg\" \/>\n<meta name=\"author\" content=\"Redakce\" \/>\n<meta name=\"twitter:card\" content=\"summary_large_image\" \/>\n<meta name=\"twitter:label1\" content=\"Written by\" \/>\n\t<meta name=\"twitter:data1\" content=\"Redakce\" \/>\n<script type=\"application\/ld+json\" class=\"yoast-schema-graph\">{\"@context\":\"https:\\\/\\\/schema.org\",\"@graph\":[{\"@type\":\"Article\",\"@id\":\"https:\\\/\\\/www.czechspaceweek.com\\\/en\\\/czech-space-news-podcast-22-petr-kapoun\\\/#article\",\"isPartOf\":{\"@id\":\"https:\\\/\\\/www.czechspaceweek.com\\\/en\\\/czech-space-news-podcast-22-petr-kapoun\\\/\"},\"author\":{\"name\":\"Redakce\",\"@id\":\"https:\\\/\\\/www.czechspaceweek.com\\\/#\\\/schema\\\/person\\\/8af9154705964d9030f70a5d774b8b8b\"},\"headline\":\"Czech Space News podcast #22 &#8211; Petr Kapoun\",\"datePublished\":\"2022-12-18T21:52:38+00:00\",\"mainEntityOfPage\":{\"@id\":\"https:\\\/\\\/www.czechspaceweek.com\\\/en\\\/czech-space-news-podcast-22-petr-kapoun\\\/\"},\"wordCount\":63,\"publisher\":{\"@id\":\"https:\\\/\\\/www.czechspaceweek.com\\\/#organization\"},\"image\":{\"@id\":\"https:\\\/\\\/www.czechspaceweek.com\\\/en\\\/czech-space-news-podcast-22-petr-kapoun\\\/#primaryimage\"},\"thumbnailUrl\":\"https:\\\/\\\/www.czechspaceweek.com\\\/wp-content\\\/uploads\\\/2022\\\/12\\\/CSN_kapoun.jpg\",\"articleSection\":[\"Podcasts\"],\"inLanguage\":\"en-US\"},{\"@type\":\"WebPage\",\"@id\":\"https:\\\/\\\/www.czechspaceweek.com\\\/en\\\/czech-space-news-podcast-22-petr-kapoun\\\/\",\"url\":\"https:\\\/\\\/www.czechspaceweek.com\\\/en\\\/czech-space-news-podcast-22-petr-kapoun\\\/\",\"name\":\"Czech Space News podcast #22 - Petr Kapoun - Czech Space Week\",\"isPartOf\":{\"@id\":\"https:\\\/\\\/www.czechspaceweek.com\\\/#website\"},\"primaryImageOfPage\":{\"@id\":\"https:\\\/\\\/www.czechspaceweek.com\\\/en\\\/czech-space-news-podcast-22-petr-kapoun\\\/#primaryimage\"},\"image\":{\"@id\":\"https:\\\/\\\/www.czechspaceweek.com\\\/en\\\/czech-space-news-podcast-22-petr-kapoun\\\/#primaryimage\"},\"thumbnailUrl\":\"https:\\\/\\\/www.czechspaceweek.com\\\/wp-content\\\/uploads\\\/2022\\\/12\\\/CSN_kapoun.jpg\",\"datePublished\":\"2022-12-18T21:52:38+00:00\",\"breadcrumb\":{\"@id\":\"https:\\\/\\\/www.czechspaceweek.com\\\/en\\\/czech-space-news-podcast-22-petr-kapoun\\\/#breadcrumb\"},\"inLanguage\":\"en-US\",\"potentialAction\":[{\"@type\":\"ReadAction\",\"target\":[\"https:\\\/\\\/www.czechspaceweek.com\\\/en\\\/czech-space-news-podcast-22-petr-kapoun\\\/\"]}]},{\"@type\":\"ImageObject\",\"inLanguage\":\"en-US\",\"@id\":\"https:\\\/\\\/www.czechspaceweek.com\\\/en\\\/czech-space-news-podcast-22-petr-kapoun\\\/#primaryimage\",\"url\":\"https:\\\/\\\/www.czechspaceweek.com\\\/wp-content\\\/uploads\\\/2022\\\/12\\\/CSN_kapoun.jpg\",\"contentUrl\":\"https:\\\/\\\/www.czechspaceweek.com\\\/wp-content\\\/uploads\\\/2022\\\/12\\\/CSN_kapoun.jpg\",\"width\":1280,\"height\":720},{\"@type\":\"BreadcrumbList\",\"@id\":\"https:\\\/\\\/www.czechspaceweek.com\\\/en\\\/czech-space-news-podcast-22-petr-kapoun\\\/#breadcrumb\",\"itemListElement\":[{\"@type\":\"ListItem\",\"position\":1,\"name\":\"Dom\u016f\",\"item\":\"https:\\\/\\\/www.czechspaceweek.com\\\/en\\\/\"},{\"@type\":\"ListItem\",\"position\":2,\"name\":\"Czech Space News podcast #22 &#8211; Petr Kapoun\"}]},{\"@type\":\"WebSite\",\"@id\":\"https:\\\/\\\/www.czechspaceweek.com\\\/#website\",\"url\":\"https:\\\/\\\/www.czechspaceweek.com\\\/\",\"name\":\"Czech Space Week\",\"description\":\"Czech Space Week p\u0159ipravuje Agentura CzechInvest a Ministerstvo dopravy \u010cR. Jedn\u00e1 se o nejv\u011bt\u0161\u00ed akci zam\u011b\u0159enou na kosmick\u00e9 aktivity v \u010cesku.\",\"publisher\":{\"@id\":\"https:\\\/\\\/www.czechspaceweek.com\\\/#organization\"},\"potentialAction\":[{\"@type\":\"SearchAction\",\"target\":{\"@type\":\"EntryPoint\",\"urlTemplate\":\"https:\\\/\\\/www.czechspaceweek.com\\\/?s={search_term_string}\"},\"query-input\":{\"@type\":\"PropertyValueSpecification\",\"valueRequired\":true,\"valueName\":\"search_term_string\"}}],\"inLanguage\":\"en-US\"},{\"@type\":\"Organization\",\"@id\":\"https:\\\/\\\/www.czechspaceweek.com\\\/#organization\",\"name\":\"Czech Space Week\",\"url\":\"https:\\\/\\\/www.czechspaceweek.com\\\/\",\"logo\":{\"@type\":\"ImageObject\",\"inLanguage\":\"en-US\",\"@id\":\"https:\\\/\\\/www.czechspaceweek.com\\\/#\\\/schema\\\/logo\\\/image\\\/\",\"url\":\"https:\\\/\\\/www.czechspaceweek.com\\\/wp-content\\\/uploads\\\/2024\\\/05\\\/CzechSpaceWeek-logo-548px.png\",\"contentUrl\":\"https:\\\/\\\/www.czechspaceweek.com\\\/wp-content\\\/uploads\\\/2024\\\/05\\\/CzechSpaceWeek-logo-548px.png\",\"width\":548,\"height\":548,\"caption\":\"Czech Space Week\"},\"image\":{\"@id\":\"https:\\\/\\\/www.czechspaceweek.com\\\/#\\\/schema\\\/logo\\\/image\\\/\"}},{\"@type\":\"Person\",\"@id\":\"https:\\\/\\\/www.czechspaceweek.com\\\/#\\\/schema\\\/person\\\/8af9154705964d9030f70a5d774b8b8b\",\"name\":\"Redakce\",\"url\":\"https:\\\/\\\/www.czechspaceweek.com\\\/en\\\/author\\\/michael-sidoinsightpr-cz\\\/\"}]}<\/script>\n<!-- \/ Yoast SEO plugin. -->","yoast_head_json":{"title":"Czech Space News podcast #22 - Petr Kapoun - Czech Space Week","robots":{"index":"index","follow":"follow","max-snippet":"max-snippet:-1","max-image-preview":"max-image-preview:large","max-video-preview":"max-video-preview:-1"},"canonical":"https:\/\/www.czechspaceweek.com\/en\/czech-space-news-podcast-22-petr-kapoun\/","og_locale":"en_US","og_type":"article","og_title":"Czech Space News podcast #22 - Petr Kapoun - Czech Space Week","og_description":"A mission to the Moon by the end of the decade, the largest Czech commercial satellite within two years or the production of custom-made satellites for African countries. These are not the only plans of the Czech space company TRL Space and its boss Petr Kapoun. &nbsp;","og_url":"https:\/\/www.czechspaceweek.com\/en\/czech-space-news-podcast-22-petr-kapoun\/","og_site_name":"Czech Space Week","article_published_time":"2022-12-18T21:52:38+00:00","og_image":[{"width":1280,"height":720,"url":"https:\/\/www.czechspaceweek.com\/wp-content\/uploads\/2022\/12\/CSN_kapoun.jpg","type":"image\/jpeg"}],"author":"Redakce","twitter_card":"summary_large_image","twitter_misc":{"Written by":"Redakce"},"schema":{"@context":"https:\/\/schema.org","@graph":[{"@type":"Article","@id":"https:\/\/www.czechspaceweek.com\/en\/czech-space-news-podcast-22-petr-kapoun\/#article","isPartOf":{"@id":"https:\/\/www.czechspaceweek.com\/en\/czech-space-news-podcast-22-petr-kapoun\/"},"author":{"name":"Redakce","@id":"https:\/\/www.czechspaceweek.com\/#\/schema\/person\/8af9154705964d9030f70a5d774b8b8b"},"headline":"Czech Space News podcast #22 &#8211; Petr Kapoun","datePublished":"2022-12-18T21:52:38+00:00","mainEntityOfPage":{"@id":"https:\/\/www.czechspaceweek.com\/en\/czech-space-news-podcast-22-petr-kapoun\/"},"wordCount":63,"publisher":{"@id":"https:\/\/www.czechspaceweek.com\/#organization"},"image":{"@id":"https:\/\/www.czechspaceweek.com\/en\/czech-space-news-podcast-22-petr-kapoun\/#primaryimage"},"thumbnailUrl":"https:\/\/www.czechspaceweek.com\/wp-content\/uploads\/2022\/12\/CSN_kapoun.jpg","articleSection":["Podcasts"],"inLanguage":"en-US"},{"@type":"WebPage","@id":"https:\/\/www.czechspaceweek.com\/en\/czech-space-news-podcast-22-petr-kapoun\/","url":"https:\/\/www.czechspaceweek.com\/en\/czech-space-news-podcast-22-petr-kapoun\/","name":"Czech Space News podcast #22 - Petr Kapoun - Czech Space Week","isPartOf":{"@id":"https:\/\/www.czechspaceweek.com\/#website"},"primaryImageOfPage":{"@id":"https:\/\/www.czechspaceweek.com\/en\/czech-space-news-podcast-22-petr-kapoun\/#primaryimage"},"image":{"@id":"https:\/\/www.czechspaceweek.com\/en\/czech-space-news-podcast-22-petr-kapoun\/#primaryimage"},"thumbnailUrl":"https:\/\/www.czechspaceweek.com\/wp-content\/uploads\/2022\/12\/CSN_kapoun.jpg","datePublished":"2022-12-18T21:52:38+00:00","breadcrumb":{"@id":"https:\/\/www.czechspaceweek.com\/en\/czech-space-news-podcast-22-petr-kapoun\/#breadcrumb"},"inLanguage":"en-US","potentialAction":[{"@type":"ReadAction","target":["https:\/\/www.czechspaceweek.com\/en\/czech-space-news-podcast-22-petr-kapoun\/"]}]},{"@type":"ImageObject","inLanguage":"en-US","@id":"https:\/\/www.czechspaceweek.com\/en\/czech-space-news-podcast-22-petr-kapoun\/#primaryimage","url":"https:\/\/www.czechspaceweek.com\/wp-content\/uploads\/2022\/12\/CSN_kapoun.jpg","contentUrl":"https:\/\/www.czechspaceweek.com\/wp-content\/uploads\/2022\/12\/CSN_kapoun.jpg","width":1280,"height":720},{"@type":"BreadcrumbList","@id":"https:\/\/www.czechspaceweek.com\/en\/czech-space-news-podcast-22-petr-kapoun\/#breadcrumb","itemListElement":[{"@type":"ListItem","position":1,"name":"Dom\u016f","item":"https:\/\/www.czechspaceweek.com\/en\/"},{"@type":"ListItem","position":2,"name":"Czech Space News podcast #22 &#8211; Petr Kapoun"}]},{"@type":"WebSite","@id":"https:\/\/www.czechspaceweek.com\/#website","url":"https:\/\/www.czechspaceweek.com\/","name":"Czech Space Week","description":"Czech Space Week p\u0159ipravuje Agentura CzechInvest a Ministerstvo dopravy \u010cR. Jedn\u00e1 se o nejv\u011bt\u0161\u00ed akci zam\u011b\u0159enou na kosmick\u00e9 aktivity v \u010cesku.","publisher":{"@id":"https:\/\/www.czechspaceweek.com\/#organization"},"potentialAction":[{"@type":"SearchAction","target":{"@type":"EntryPoint","urlTemplate":"https:\/\/www.czechspaceweek.com\/?s={search_term_string}"},"query-input":{"@type":"PropertyValueSpecification","valueRequired":true,"valueName":"search_term_string"}}],"inLanguage":"en-US"},{"@type":"Organization","@id":"https:\/\/www.czechspaceweek.com\/#organization","name":"Czech Space Week","url":"https:\/\/www.czechspaceweek.com\/","logo":{"@type":"ImageObject","inLanguage":"en-US","@id":"https:\/\/www.czechspaceweek.com\/#\/schema\/logo\/image\/","url":"https:\/\/www.czechspaceweek.com\/wp-content\/uploads\/2024\/05\/CzechSpaceWeek-logo-548px.png","contentUrl":"https:\/\/www.czechspaceweek.com\/wp-content\/uploads\/2024\/05\/CzechSpaceWeek-logo-548px.png","width":548,"height":548,"caption":"Czech Space Week"},"image":{"@id":"https:\/\/www.czechspaceweek.com\/#\/schema\/logo\/image\/"}},{"@type":"Person","@id":"https:\/\/www.czechspaceweek.com\/#\/schema\/person\/8af9154705964d9030f70a5d774b8b8b","name":"Redakce","url":"https:\/\/www.czechspaceweek.com\/en\/author\/michael-sidoinsightpr-cz\/"}]}},"_links":{"self":[{"href":"https:\/\/www.czechspaceweek.com\/en\/wp-json\/wp\/v2\/posts\/87373","targetHints":{"allow":["GET"]}}],"collection":[{"href":"https:\/\/www.czechspaceweek.com\/en\/wp-json\/wp\/v2\/posts"}],"about":[{"href":"https:\/\/www.czechspaceweek.com\/en\/wp-json\/wp\/v2\/types\/post"}],"author":[{"embeddable":true,"href":"https:\/\/www.czechspaceweek.com\/en\/wp-json\/wp\/v2\/users\/5"}],"replies":[{"embeddable":true,"href":"https:\/\/www.czechspaceweek.com\/en\/wp-json\/wp\/v2\/comments?post=87373"}],"version-history":[{"count":0,"href":"https:\/\/www.czechspaceweek.com\/en\/wp-json\/wp\/v2\/posts\/87373\/revisions"}],"wp:featuredmedia":[{"embeddable":true,"href":"https:\/\/www.czechspaceweek.com\/en\/wp-json\/wp\/v2\/media\/86899"}],"wp:attachment":[{"href":"https:\/\/www.czechspaceweek.com\/en\/wp-json\/wp\/v2\/media?parent=87373"}],"wp:term":[{"taxonomy":"category","embeddable":true,"href":"https:\/\/www.czechspaceweek.com\/en\/wp-json\/wp\/v2\/categories?post=87373"},{"taxonomy":"post_tag","embeddable":true,"href":"https:\/\/www.czechspaceweek.com\/en\/wp-json\/wp\/v2\/tags?post=87373"}],"curies":[{"name":"wp","href":"https:\/\/api.w.org\/{rel}","templated":true}]}}